{"id":616,"date":"2025-10-22T21:50:20","date_gmt":"2025-10-22T21:50:20","guid":{"rendered":"https:\/\/lamaisondupoelon.fr\/hebergement-professionnel-chambres-hotes\/"},"modified":"2025-10-22T21:50:20","modified_gmt":"2025-10-22T21:50:20","slug":"hebergement-professionnel-chambres-hotes","status":"publish","type":"post","link":"https:\/\/lamaisondupoelon.fr\/en\/hebergement-professionnel-chambres-hotes\/","title":{"rendered":"Pourquoi nos chambres d\u2019h\u00f4tes sont id\u00e9ales pour les s\u00e9jours professionnels ?"},"content":{"rendered":"<p><img decoding=\"async\" src=\"\" alt=\"Cover Image\" \/><\/p>\n<h1>Pourquoi nos <a href=\"https:\/\/fr.wikipedia.org\/wiki\/Chambre_d%27h%C3%B4tes\" target=\"_blank\" rel=\"noopener nofollow\">chambres d\u2019h\u00f4tes<\/a> sont id\u00e9ales pour les s\u00e9jours professionnels ?<\/h1>\n<p><\/p>\n<p><em>Temps de lecture estim\u00e9 : 7 minutes<\/em><\/p>\n<h2>Points cl\u00e9s<\/h2>\n<p><\/p>\n<ul>  <\/p>\n<li>Confort prioritaire avec literie haut de gamme, bureau fonctionnel et <strong>WiFi<\/strong> rapide.<\/li>\n<p>  <\/p>\n<li>Cadre paisible, proche de <strong>Toulouse<\/strong>, propice \u00e0 la concentration et \u00e0 la d\u00e9tente.<\/li>\n<p>  <\/p>\n<li>Salle de r\u00e9union \u00e9quip\u00e9e (mat\u00e9riel audiovisuel, connexion performante) pour <strong>s\u00e9minaires<\/strong> et formations.<\/li>\n<p>  <\/p>\n<li>Restauration maison sur place pour gagner du temps tout en mangeant \u00e9quilibr\u00e9.<\/li>\n<p>  <\/p>\n<li>Hospitalit\u00e9 sur mesure et services personnalis\u00e9s pour les besoins professionnels.<\/li>\n<p>  <\/p>\n<li>R\u00e9servation simple et rapide, assistance r\u00e9active avant et pendant le s\u00e9jour.<\/li>\n<p><\/ul>\n<h2>Table des mati\u00e8res<\/h2>\n<p><\/p>\n<nav aria-label=\"Table des mati\u00e8res\">  <\/p>\n<ul>    <\/p>\n<li><a href=\"#pourquoi-nos-chambres-d-hotes-sont-ideales-pour-les-sejours-professionnels\">Pourquoi nos chambres d\u2019h\u00f4tes sont id\u00e9ales pour les s\u00e9jours professionnels ?<\/a><\/li>\n<p>    <\/p>\n<li><a href=\"#hebergement-professionnel-confort\">Un h\u00e9bergement professionnel pens\u00e9 pour le confort<\/a><\/li>\n<p>    <\/p>\n<li><a href=\"#cadre-paisible-inspirant\">Un cadre paisible et inspirant<\/a><\/li>\n<p>    <\/p>\n<li><a href=\"#equipements-adaptes-aux-professionnels\">Des \u00e9quipements adapt\u00e9s aux professionnels<\/a><\/li>\n<p>    <\/p>\n<li><a href=\"#hospitalite-sur-mesure\">Une hospitalit\u00e9 sur mesure<\/a><\/li>\n<p>    <\/p>\n<li><a href=\"#alternative-aux-hotels-traditionnels\">Une alternative aux h\u00f4tels traditionnels<\/a><\/li>\n<p>    <\/p>\n<li><a href=\"#scene-ideale-pour-les-reunions\">Une sc\u00e8ne id\u00e9ale pour les r\u00e9unions<\/a><\/li>\n<p>    <\/p>\n<li><a href=\"#facilement-accessible-deplacements\">Facilement accessible pour tous vos d\u00e9placements<\/a><\/li>\n<p>    <\/p>\n<li><a href=\"#reservation-simple-rapide\">Une r\u00e9servation simple et rapide<\/a><\/li>\n<p>    <\/p>\n<li><a href=\"#maison-du-poelon-coup-de-coeur\">La Maison du Po\u00ealon, votre coup de c\u0153ur pour les s\u00e9jours professionnels<\/a><\/li>\n<p>    <\/p>\n<li><a href=\"#faq\">FAQ<\/a><\/li>\n<p>  <\/ul>\n<p><\/nav>\n<h2 id=\"pourquoi-nos-chambres-d-hotes-sont-ideales-pour-les-sejours-professionnels\">Pourquoi nos chambres d\u2019h\u00f4tes sont id\u00e9ales pour les s\u00e9jours professionnels ?<\/h2>\n<p><\/p>\n<p>Pourquoi nos chambres d\u2019h\u00f4tes sont id\u00e9ales pour les s\u00e9jours professionnels ?<\/p>\n<p><\/p>\n<p>Dans un monde o\u00f9 le travail est souvent synonyme de d\u00e9placements, le choix de l\u2019h\u00e9bergement prend une importance accrue. Les professionnels en d\u00e9placement cherchent un lieu qui combine confort, tranquillit\u00e9 et commodit\u00e9s adapt\u00e9es \u00e0 leurs besoins. C&rsquo;est pr\u00e9cis\u00e9ment ce que notre maison d&rsquo;h\u00f4tes, La Maison du Po\u00ealon, propose : un cadre raffin\u00e9 et un environnement propice \u00e0 la productivit\u00e9. <em>D\u00e9couvrons ensemble pourquoi nos chambres d\u2019h\u00f4tes sont id\u00e9ales pour les s\u00e9jours professionnels.<\/em><\/p>\n<h2 id=\"hebergement-professionnel-confort\">Un h\u00e9bergement professionnel pens\u00e9 pour le confort<\/h2>\n<p><\/p>\n<p>Le premier crit\u00e8re essentiel pour un professionnel en d\u00e9placement est le confort. Chez La Maison du Po\u00ealon, chaque chambre est con\u00e7ue pour offrir une ambiance chaleureuse et relaxante. Les chambres sont spacieuses, d\u00e9cor\u00e9es avec go\u00fbt et \u00e9quip\u00e9es de literie haut de gamme, garantissant des nuits r\u00e9paratrices.<\/p>\n<p><\/p>\n<p>De plus, nous avons soign\u00e9 tous les d\u00e9tails pour que nos h\u00f4tes se sentent chez eux. Chaque chambre dispose d\u2019un acc\u00e8s <a href=\"https:\/\/fr.wikipedia.org\/wiki\/Wi-Fi\" target=\"_blank\" rel=\"noopener nofollow\">WiFi<\/a> rapide, d\u2019un bureau fonctionnel et d\u2019une t\u00e9l\u00e9vision, afin d&rsquo;offrir un espace agr\u00e9able pour le travail en dehors du bureau. Ces \u00e9l\u00e9ments font de nos chambres un v\u00e9ritable logement affaires adapt\u00e9 aux exigences des professionnels.<\/p>\n<h2 id=\"cadre-paisible-inspirant\">Un cadre paisible et inspirant<\/h2>\n<p><\/p>\n<p>Lorsque l&rsquo;on voyage pour le travail, le rythme peut \u00eatre intense et parfois stressant. C\u2019est pourquoi un environnement calme et apaisant est primordiale. La Maison du Po\u00ealon offre un cadre naturel et serein, loin de l\u2019agitation urbaine, tout en restant \u00e0 proximit\u00e9 de <a href=\"https:\/\/fr.wikipedia.org\/wiki\/Toulouse\" target=\"_blank\" rel=\"noopener nofollow\">Toulouse<\/a> et de ses commodit\u00e9s.<\/p>\n<p><\/p>\n<p>Nous nous engageons \u00e0 cr\u00e9er un havre de paix pour nos invit\u00e9s. Les jardins bien entretenus, les espaces de d\u00e9tente et les salons accueillants permettent aux professionnels de souffler apr\u00e8s une journ\u00e9e bien remplie. Ce cadre calme favorise \u00e9galement la concentration, un atout ind\u00e9niable pour ceux qui doivent travailler ou pr\u00e9parer des pr\u00e9sentations.<\/p>\n<h2 id=\"equipements-adaptes-aux-professionnels\">Des \u00e9quipements adapt\u00e9s aux professionnels<\/h2>\n<p><\/p>\n<p>\u00c0 La Maison du Po\u00ealon, nous savons que les professionnels ont des besoins sp\u00e9cifiques. C\u2019est pourquoi nous mettons \u00e0 disposition plusieurs \u00e9quipements et services pour faciliter leur s\u00e9jour.<\/p>\n<p><\/p>\n<p>Parmi les installations, notre salle de r\u00e9union est enti\u00e8rement \u00e9quip\u00e9e pour accueillir des <a href=\"https:\/\/fr.wikipedia.org\/wiki\/S%C3%A9minaire_(r%C3%A9union)\" target=\"_blank\" rel=\"noopener nofollow\">s\u00e9minaires<\/a>, des sessions de formation et des r\u00e9unions. Elle dispose d&rsquo;un mat\u00e9riel audiovisuel moderne, d\u2019une connexion WiFi performante et d\u2019un agencement flexible, parfait pour toute configuration de travail.<\/p>\n<p><\/p>\n<p>De plus, nous proposons un service de restauration avec des repas faits maison, permettant aux professionnels d&rsquo;\u00e9conomiser du temps tout en savourant des plats savoureux et \u00e9quilibr\u00e9s. Cela contribue \u00e0 rendre le s\u00e9jour plus agr\u00e9able, en offrant une solution pratique pour le d\u00e9jeuner ou le d\u00eener.<\/p>\n<h2 id=\"hospitalite-sur-mesure\">Une hospitalit\u00e9 sur mesure<\/h2>\n<p><\/p>\n<p>L\u2019hospitalit\u00e9 est au c\u0153ur de notre mission. Nos \u00e9quipes sont form\u00e9es pour r\u00e9pondre aux besoins des professionnels avec le plus grand soin et une attention particuli\u00e8re. Nous savons que chaque client est unique, et c\u2019est pourquoi nous offrons un accueil personnalis\u00e9. Que ce soit pour organiser un service de transport, conseiller sur les lieux \u00e0 visiter apr\u00e8s le travail, ou ajuster le service en fonction des horaires de nos h\u00f4tes, nous sommes l\u00e0 pour vous.<\/p>\n<p><\/p>\n<blockquote><p>  <\/p>\n<p>Notre objectif est de cr\u00e9er une atmosph\u00e8re conviviale o\u00f9 chaque professionnel se sent valoris\u00e9. Cette approche fait de La Maison du Po\u00ealon plus qu&rsquo;un simple h\u00e9bergement professionnel : c&rsquo;est un v\u00e9ritable partenaire dans votre r\u00e9ussite professionnelle.<\/p>\n<p><\/p><\/blockquote>\n<h2 id=\"alternative-aux-hotels-traditionnels\">Une alternative aux h\u00f4tels traditionnels<\/h2>\n<p><\/p>\n<p>Les h\u00f4tels standardis\u00e9s, bien qu\u2019ils puissent offrir des commodit\u00e9s de base, manquent souvent de caract\u00e8re et d&rsquo;humanit\u00e9. \u00c0 La Maison du Po\u00ealon, nous croyons en une exp\u00e9rience authentique. Nos chambres d\u2019h\u00f4tes pour d\u00e9placement professionnel offrent un cadre intimiste, loin des foules d\u2019un h\u00f4tel.<\/p>\n<p><\/p>\n<p>Ici, chaque s\u00e9jour est unique. Nous nous effor\u00e7ons d\u2019apporter une touche personnelle \u00e0 chaque interaction, ce qui transforme un simple h\u00e9bergement en une v\u00e9ritable exp\u00e9rience humaine. Pour les entreprises locales, nous devenons le choix privil\u00e9gi\u00e9 pour allier le travail \u00e0 la d\u00e9tente.<\/p>\n<h2 id=\"scene-ideale-pour-les-reunions\">Une sc\u00e8ne id\u00e9ale pour les r\u00e9unions<\/h2>\n<p><\/p>\n<p>La Maison du Po\u00ealon est \u00e9galement bien positionn\u00e9e pour accueillir des entreprises locales souhaitant organiser des s\u00e9minaires ou des s\u00e9ances de formation. Notre salle de r\u00e9union, adapt\u00e9e aux besoins divers des professionnels, cr\u00e9e un environnement productif.<\/p>\n<p><\/p>\n<p>Avec des pauses caf\u00e9 ou des d\u00e9jeuners servis sur place, les participants peuvent se concentrer pleinement sur leurs objectifs sans les tracas li\u00e9s \u00e0 la gestion des repas ou des d\u00e9placements. Cette fonctionnalit\u00e9 suppl\u00e9mentaire renforce notre position d\u2019h\u00e9bergement de choix pour les soci\u00e9t\u00e9s cherchant un lieu calme et fonctionnel.<\/p>\n<h2 id=\"facilement-accessible-deplacements\">Facilement accessible pour tous vos d\u00e9placements<\/h2>\n<p><\/p>\n<p>Situ\u00e9e \u00e0 proximit\u00e9 de Toulouse, La Maison du Po\u00ealon est facilement accessible, que ce soit en voiture ou par les <a href=\"https:\/\/fr.wikipedia.org\/wiki\/Transport_en_commun\" target=\"_blank\" rel=\"noopener nofollow\">transports en commun<\/a>. Cette accessibilit\u00e9 est un atout majeur pour les professionnels qui doivent se rendre \u00e0 des r\u00e9unions dans la ville ou visiter des clients.<\/p>\n<p><\/p>\n<p>En choisissant notre maison d&rsquo;h\u00f4tes, vous ne sacrifiez rien en termes de commodit\u00e9 tout en profitant des avantages d\u2019un cadre paisible et inspirant.<\/p>\n<h2 id=\"reservation-simple-rapide\">Une r\u00e9servation simple et rapide<\/h2>\n<p><\/p>\n<p>Nous avons simplifi\u00e9 le processus de r\u00e9servation afin que nos clients puissent se concentrer sur ce qui compte vraiment : leur travail. Avec notre site internet convivial, il est ais\u00e9 de v\u00e9rifier la disponibilit\u00e9, de choisir une chambre adapt\u00e9e \u00e0 vos besoins et de g\u00e9rer votre s\u00e9jour depuis chez vous.<\/p>\n<p><\/p>\n<p>De plus, nos \u00e9quipes sont \u00e0 votre disposition pour toute question ou modification de r\u00e9servation, garantissant ainsi une exp\u00e9rience sans stress avant m\u00eame votre arriv\u00e9e.<\/p>\n<h2 id=\"maison-du-poelon-coup-de-coeur\">La Maison du Po\u00ealon, votre coup de c\u0153ur pour les s\u00e9jours professionnels<\/h2>\n<p><\/p>\n<p>La Maison du Po\u00ealon se positionne comme l\u2019endroit id\u00e9al pour les professionnels en d\u00e9placement, alliant confort, tranquillit\u00e9, \u00e9quipements adapt\u00e9s et hospitalit\u00e9. En choisissant nos chambres d\u2019h\u00f4tes pour votre prochain <a href=\"https:\/\/fr.wikipedia.org\/wiki\/Voyage_d%27affaires\" target=\"_blank\" rel=\"noopener nofollow\">voyage d\u2019affaires<\/a>, vous optez pour une exp\u00e9rience enrichissante et personnalis\u00e9e.<\/p>\n<p><\/p>\n<p>Nous sommes pr\u00eats \u00e0 r\u00e9pondre \u00e0 vos attentes et \u00e0 faire de votre s\u00e9jour une r\u00e9ussite. Que ce soit pour un rendez-vous, une session de formation ou simplement pour profiter de notre cadre, nous vous accueillons avec le sourire et un service \u00e0 la hauteur de vos exigences. Alors, n&rsquo;h\u00e9sitez pas \u00e0 r\u00e9server votre prochaine exp\u00e9rience professionnelle dans notre maison d&rsquo;h\u00f4tes.<\/p>\n<h2 id=\"faq\">FAQ<\/h2>\n<p><\/p>\n<h3>Proposez-vous une connexion internet adapt\u00e9e au <a href=\"https:\/\/www.service-public.fr\/particuliers\/vosdroits\/F13809\" target=\"_blank\" rel=\"noopener nofollow\">t\u00e9l\u00e9travail<\/a> ?<\/h3>\n<p><\/p>\n<p>Oui. Chaque chambre dispose d\u2019un acc\u00e8s WiFi rapide et fiable, et les espaces communs b\u00e9n\u00e9ficient \u00e9galement d\u2019une connexion performante.<\/p>\n<h3>Peut-on organiser des r\u00e9unions et formations sur place ?<\/h3>\n<p><\/p>\n<p>Oui. Notre salle de r\u00e9union est \u00e9quip\u00e9e de mat\u00e9riel audiovisuel moderne, d\u2019un mobilier modulable et d\u2019une connexion WiFi performante pour accueillir r\u00e9unions, ateliers et s\u00e9minaires.<\/p>\n<h3>Est-ce facilement accessible depuis Toulouse et les transports ?<\/h3>\n<p><\/p>\n<p>Oui. La Maison du Po\u00ealon se trouve \u00e0 proximit\u00e9 de Toulouse, accessible en voiture et par les transports en commun, ce qui facilite vos d\u00e9placements professionnels.<\/p>\n<h3>Proposez-vous des options de restauration pour les professionnels ?<\/h3>\n<p><\/p>\n<p>Oui. Nous proposons des repas faits maison pour vous permettre de gagner du temps tout en profitant d\u2019une cuisine savoureuse et \u00e9quilibr\u00e9e pendant votre s\u00e9jour.<\/p>","protected":false},"excerpt":{"rendered":"<p>Pourquoi nos chambres d\u2019h\u00f4tes sont id\u00e9ales pour les s\u00e9jours professionnels ? Temps de lecture estim\u00e9 : 7 minutes Points cl\u00e9s [&hellip;]<\/p>\n","protected":false},"author":1,"featured_media":0,"comment_status":"closed","ping_status":"open","sticky":false,"template":"","format":"standard","meta":{"content-type":"","site-sidebar-layout":"default","site-content-layout":"","ast-site-content-layout":"default","site-content-style":"default","site-sidebar-style":"default","ast-global-header-display":"","ast-banner-title-visibility":"","ast-main-header-display":"","ast-hfb-above-header-display":"","ast-hfb-below-header-display":"","ast-hfb-mobile-header-display":"","site-post-title":"","ast-breadcrumbs-content":"","ast-featured-img":"","footer-sml-layout":"","ast-disable-related-posts":"","theme-transparent-header-meta":"","adv-header-id-meta":"","stick-header-meta":"","header-above-stick-meta":"","header-main-stick-meta":"","header-below-stick-meta":"","astra-migrate-meta-layouts":"default","ast-page-background-enabled":"default","ast-page-background-meta":{"desktop":{"background-color":"var(--ast-global-color-5)","background-image":"","background-repeat":"repeat","background-position":"center center","background-size":"auto","background-attachment":"scroll","background-type":"","background-media":"","overlay-type":"","overlay-color":"","overlay-opacity":"","overlay-gradient":""},"tablet":{"background-color":"","background-image":"","background-repeat":"repeat","background-position":"center center","background-size":"auto","background-attachment":"scroll","background-type":"","background-media":"","overlay-type":"","overlay-color":"","overlay-opacity":"","overlay-gradient":""},"mobile":{"background-color":"","background-image":"","background-repeat":"repeat","background-position":"center center","background-size":"auto","background-attachment":"scroll","background-type":"","background-media":"","overlay-type":"","overlay-color":"","overlay-opacity":"","overlay-gradient":""}},"ast-content-background-meta":{"desktop":{"background-color":"var(--ast-global-color-4)","background-image":"","background-repeat":"repeat","background-position":"center center","background-size":"auto","background-attachment":"scroll","background-type":"","background-media":"","overlay-type":"","overlay-color":"","overlay-opacity":"","overlay-gradient":""},"tablet":{"background-color":"var(--ast-global-color-4)","background-image":"","background-repeat":"repeat","background-position":"center center","background-size":"auto","background-attachment":"scroll","background-type":"","background-media":"","overlay-type":"","overlay-color":"","overlay-opacity":"","overlay-gradient":""},"mobile":{"background-color":"var(--ast-global-color-4)","background-image":"","background-repeat":"repeat","background-position":"center center","background-size":"auto","background-attachment":"scroll","background-type":"","background-media":"","overlay-type":"","overlay-color":"","overlay-opacity":"","overlay-gradient":""}},"footnotes":""},"categories":[1],"tags":[],"class_list":["post-616","post","type-post","status-publish","format-standard","hentry","category-uncategorized"],"yoast_head":"<!-- This site is optimized with the Yoast SEO plugin v27.3 - https:\/\/yoast.com\/product\/yoast-seo-wordpress\/ -->\n<title>Pourquoi nos chambres d\u2019h\u00f4tes sont id\u00e9ales pour les s\u00e9jours professionnels ? - La Maison du Po\u00ealon<\/title>\n<meta name=\"robots\" content=\"index, follow, max-snippet:-1, max-image-preview:large, max-video-preview:-1\" \/>\n<link rel=\"canonical\" href=\"https:\/\/lamaisondupoelon.fr\/en\/hebergement-professionnel-chambres-hotes\/\" \/>\n<meta property=\"og:locale\" content=\"en_GB\" \/>\n<meta property=\"og:type\" content=\"article\" \/>\n<meta property=\"og:title\" content=\"Pourquoi nos chambres d\u2019h\u00f4tes sont id\u00e9ales pour les s\u00e9jours professionnels ? - La Maison du Po\u00ealon\" \/>\n<meta property=\"og:description\" content=\"Pourquoi nos chambres d\u2019h\u00f4tes sont id\u00e9ales pour les s\u00e9jours professionnels ? Temps de lecture estim\u00e9 : 7 minutes Points cl\u00e9s [&hellip;]\" \/>\n<meta property=\"og:url\" content=\"https:\/\/lamaisondupoelon.fr\/en\/hebergement-professionnel-chambres-hotes\/\" \/>\n<meta property=\"og:site_name\" content=\"La Maison du Po\u00ealon\" \/>\n<meta property=\"article:published_time\" content=\"2025-10-22T21:50:20+00:00\" \/>\n<meta name=\"author\" content=\"Maxence\" \/>\n<meta name=\"twitter:card\" content=\"summary_large_image\" \/>\n<meta name=\"twitter:label1\" content=\"Written by\" \/>\n\t<meta name=\"twitter:data1\" content=\"Maxence\" \/>\n\t<meta name=\"twitter:label2\" content=\"Estimated reading time\" \/>\n\t<meta name=\"twitter:data2\" content=\"7 minutes\" \/>\n<script type=\"application\/ld+json\" class=\"yoast-schema-graph\">{\"@context\":\"https:\\\/\\\/schema.org\",\"@graph\":[{\"@type\":\"Article\",\"@id\":\"https:\\\/\\\/lamaisondupoelon.fr\\\/hebergement-professionnel-chambres-hotes\\\/#article\",\"isPartOf\":{\"@id\":\"https:\\\/\\\/lamaisondupoelon.fr\\\/hebergement-professionnel-chambres-hotes\\\/\"},\"author\":{\"name\":\"Maxence\",\"@id\":\"https:\\\/\\\/lamaisondupoelon.fr\\\/#\\\/schema\\\/person\\\/dd5b2aaab0df3b5d072bfb624d2b5b11\"},\"headline\":\"Pourquoi nos chambres d\u2019h\u00f4tes sont id\u00e9ales pour les s\u00e9jours professionnels ?\",\"datePublished\":\"2025-10-22T21:50:20+00:00\",\"mainEntityOfPage\":{\"@id\":\"https:\\\/\\\/lamaisondupoelon.fr\\\/hebergement-professionnel-chambres-hotes\\\/\"},\"wordCount\":1486,\"publisher\":{\"@id\":\"https:\\\/\\\/lamaisondupoelon.fr\\\/#organization\"},\"articleSection\":[\"Uncategorized\"],\"inLanguage\":\"en-GB\"},{\"@type\":\"WebPage\",\"@id\":\"https:\\\/\\\/lamaisondupoelon.fr\\\/hebergement-professionnel-chambres-hotes\\\/\",\"url\":\"https:\\\/\\\/lamaisondupoelon.fr\\\/hebergement-professionnel-chambres-hotes\\\/\",\"name\":\"Pourquoi nos chambres d\u2019h\u00f4tes sont id\u00e9ales pour les s\u00e9jours professionnels ? - La Maison du Po\u00ealon\",\"isPartOf\":{\"@id\":\"https:\\\/\\\/lamaisondupoelon.fr\\\/#website\"},\"datePublished\":\"2025-10-22T21:50:20+00:00\",\"breadcrumb\":{\"@id\":\"https:\\\/\\\/lamaisondupoelon.fr\\\/hebergement-professionnel-chambres-hotes\\\/#breadcrumb\"},\"inLanguage\":\"en-GB\",\"potentialAction\":[{\"@type\":\"ReadAction\",\"target\":[\"https:\\\/\\\/lamaisondupoelon.fr\\\/hebergement-professionnel-chambres-hotes\\\/\"]}]},{\"@type\":\"BreadcrumbList\",\"@id\":\"https:\\\/\\\/lamaisondupoelon.fr\\\/hebergement-professionnel-chambres-hotes\\\/#breadcrumb\",\"itemListElement\":[{\"@type\":\"ListItem\",\"position\":1,\"name\":\"Accueil\",\"item\":\"https:\\\/\\\/lamaisondupoelon.fr\\\/\"},{\"@type\":\"ListItem\",\"position\":2,\"name\":\"Pourquoi nos chambres d\u2019h\u00f4tes sont id\u00e9ales pour les s\u00e9jours professionnels ?\"}]},{\"@type\":\"WebSite\",\"@id\":\"https:\\\/\\\/lamaisondupoelon.fr\\\/#website\",\"url\":\"https:\\\/\\\/lamaisondupoelon.fr\\\/\",\"name\":\"La Maison du Po\u00ealon\",\"description\":\"CHAMBRE D\u2019H\u00d4TES\",\"publisher\":{\"@id\":\"https:\\\/\\\/lamaisondupoelon.fr\\\/#organization\"},\"potentialAction\":[{\"@type\":\"SearchAction\",\"target\":{\"@type\":\"EntryPoint\",\"urlTemplate\":\"https:\\\/\\\/lamaisondupoelon.fr\\\/?s={search_term_string}\"},\"query-input\":{\"@type\":\"PropertyValueSpecification\",\"valueRequired\":true,\"valueName\":\"search_term_string\"}}],\"inLanguage\":\"en-GB\"},{\"@type\":\"Organization\",\"@id\":\"https:\\\/\\\/lamaisondupoelon.fr\\\/#organization\",\"name\":\"La Maison du Po\u00ealon\",\"url\":\"https:\\\/\\\/lamaisondupoelon.fr\\\/\",\"logo\":{\"@type\":\"ImageObject\",\"inLanguage\":\"en-GB\",\"@id\":\"https:\\\/\\\/lamaisondupoelon.fr\\\/#\\\/schema\\\/logo\\\/image\\\/\",\"url\":\"https:\\\/\\\/lamaisondupoelon.fr\\\/wp-content\\\/uploads\\\/2025\\\/08\\\/cropped-ChatGPT-Image-1-aout-2025-18_38_42.png\",\"contentUrl\":\"https:\\\/\\\/lamaisondupoelon.fr\\\/wp-content\\\/uploads\\\/2025\\\/08\\\/cropped-ChatGPT-Image-1-aout-2025-18_38_42.png\",\"width\":1023,\"height\":1023,\"caption\":\"La Maison du Po\u00ealon\"},\"image\":{\"@id\":\"https:\\\/\\\/lamaisondupoelon.fr\\\/#\\\/schema\\\/logo\\\/image\\\/\"}},{\"@type\":\"Person\",\"@id\":\"https:\\\/\\\/lamaisondupoelon.fr\\\/#\\\/schema\\\/person\\\/dd5b2aaab0df3b5d072bfb624d2b5b11\",\"name\":\"Maxence\",\"image\":{\"@type\":\"ImageObject\",\"inLanguage\":\"en-GB\",\"@id\":\"https:\\\/\\\/lamaisondupoelon.fr\\\/wp-content\\\/litespeed\\\/avatar\\\/5005290cf9cd0d1dce03b7964cc5832f.jpg?ver=1777424986\",\"url\":\"https:\\\/\\\/lamaisondupoelon.fr\\\/wp-content\\\/litespeed\\\/avatar\\\/5005290cf9cd0d1dce03b7964cc5832f.jpg?ver=1777424986\",\"contentUrl\":\"https:\\\/\\\/lamaisondupoelon.fr\\\/wp-content\\\/litespeed\\\/avatar\\\/5005290cf9cd0d1dce03b7964cc5832f.jpg?ver=1777424986\",\"caption\":\"Maxence\"},\"sameAs\":[\"https:\\\/\\\/lamaisondupoelon.fr\"],\"url\":\"https:\\\/\\\/lamaisondupoelon.fr\\\/en\\\/author\\\/maxence-meynielmey-agence-com\\\/\"}]}<\/script>\n<!-- \/ Yoast SEO plugin. -->","yoast_head_json":{"title":"Pourquoi nos chambres d\u2019h\u00f4tes sont id\u00e9ales pour les s\u00e9jours professionnels ? - La Maison du Po\u00ealon","robots":{"index":"index","follow":"follow","max-snippet":"max-snippet:-1","max-image-preview":"max-image-preview:large","max-video-preview":"max-video-preview:-1"},"canonical":"https:\/\/lamaisondupoelon.fr\/en\/hebergement-professionnel-chambres-hotes\/","og_locale":"en_GB","og_type":"article","og_title":"Pourquoi nos chambres d\u2019h\u00f4tes sont id\u00e9ales pour les s\u00e9jours professionnels ? - La Maison du Po\u00ealon","og_description":"Pourquoi nos chambres d\u2019h\u00f4tes sont id\u00e9ales pour les s\u00e9jours professionnels ? Temps de lecture estim\u00e9 : 7 minutes Points cl\u00e9s [&hellip;]","og_url":"https:\/\/lamaisondupoelon.fr\/en\/hebergement-professionnel-chambres-hotes\/","og_site_name":"La Maison du Po\u00ealon","article_published_time":"2025-10-22T21:50:20+00:00","author":"Maxence","twitter_card":"summary_large_image","twitter_misc":{"Written by":"Maxence","Estimated reading time":"7 minutes"},"schema":{"@context":"https:\/\/schema.org","@graph":[{"@type":"Article","@id":"https:\/\/lamaisondupoelon.fr\/hebergement-professionnel-chambres-hotes\/#article","isPartOf":{"@id":"https:\/\/lamaisondupoelon.fr\/hebergement-professionnel-chambres-hotes\/"},"author":{"name":"Maxence","@id":"https:\/\/lamaisondupoelon.fr\/#\/schema\/person\/dd5b2aaab0df3b5d072bfb624d2b5b11"},"headline":"Pourquoi nos chambres d\u2019h\u00f4tes sont id\u00e9ales pour les s\u00e9jours professionnels ?","datePublished":"2025-10-22T21:50:20+00:00","mainEntityOfPage":{"@id":"https:\/\/lamaisondupoelon.fr\/hebergement-professionnel-chambres-hotes\/"},"wordCount":1486,"publisher":{"@id":"https:\/\/lamaisondupoelon.fr\/#organization"},"articleSection":["Uncategorized"],"inLanguage":"en-GB"},{"@type":"WebPage","@id":"https:\/\/lamaisondupoelon.fr\/hebergement-professionnel-chambres-hotes\/","url":"https:\/\/lamaisondupoelon.fr\/hebergement-professionnel-chambres-hotes\/","name":"Pourquoi nos chambres d\u2019h\u00f4tes sont id\u00e9ales pour les s\u00e9jours professionnels ? - La Maison du Po\u00ealon","isPartOf":{"@id":"https:\/\/lamaisondupoelon.fr\/#website"},"datePublished":"2025-10-22T21:50:20+00:00","breadcrumb":{"@id":"https:\/\/lamaisondupoelon.fr\/hebergement-professionnel-chambres-hotes\/#breadcrumb"},"inLanguage":"en-GB","potentialAction":[{"@type":"ReadAction","target":["https:\/\/lamaisondupoelon.fr\/hebergement-professionnel-chambres-hotes\/"]}]},{"@type":"BreadcrumbList","@id":"https:\/\/lamaisondupoelon.fr\/hebergement-professionnel-chambres-hotes\/#breadcrumb","itemListElement":[{"@type":"ListItem","position":1,"name":"Accueil","item":"https:\/\/lamaisondupoelon.fr\/"},{"@type":"ListItem","position":2,"name":"Pourquoi nos chambres d\u2019h\u00f4tes sont id\u00e9ales pour les s\u00e9jours professionnels ?"}]},{"@type":"WebSite","@id":"https:\/\/lamaisondupoelon.fr\/#website","url":"https:\/\/lamaisondupoelon.fr\/","name":"La Maison du Po\u00ealon","description":"CHAMBRE D\u2019H\u00d4TES","publisher":{"@id":"https:\/\/lamaisondupoelon.fr\/#organization"},"potentialAction":[{"@type":"SearchAction","target":{"@type":"EntryPoint","urlTemplate":"https:\/\/lamaisondupoelon.fr\/?s={search_term_string}"},"query-input":{"@type":"PropertyValueSpecification","valueRequired":true,"valueName":"search_term_string"}}],"inLanguage":"en-GB"},{"@type":"Organization","@id":"https:\/\/lamaisondupoelon.fr\/#organization","name":"La Maison du Po\u00ealon","url":"https:\/\/lamaisondupoelon.fr\/","logo":{"@type":"ImageObject","inLanguage":"en-GB","@id":"https:\/\/lamaisondupoelon.fr\/#\/schema\/logo\/image\/","url":"https:\/\/lamaisondupoelon.fr\/wp-content\/uploads\/2025\/08\/cropped-ChatGPT-Image-1-aout-2025-18_38_42.png","contentUrl":"https:\/\/lamaisondupoelon.fr\/wp-content\/uploads\/2025\/08\/cropped-ChatGPT-Image-1-aout-2025-18_38_42.png","width":1023,"height":1023,"caption":"La Maison du Po\u00ealon"},"image":{"@id":"https:\/\/lamaisondupoelon.fr\/#\/schema\/logo\/image\/"}},{"@type":"Person","@id":"https:\/\/lamaisondupoelon.fr\/#\/schema\/person\/dd5b2aaab0df3b5d072bfb624d2b5b11","name":"Maxence","image":{"@type":"ImageObject","inLanguage":"en-GB","@id":"https:\/\/lamaisondupoelon.fr\/wp-content\/litespeed\/avatar\/5005290cf9cd0d1dce03b7964cc5832f.jpg?ver=1777424986","url":"https:\/\/lamaisondupoelon.fr\/wp-content\/litespeed\/avatar\/5005290cf9cd0d1dce03b7964cc5832f.jpg?ver=1777424986","contentUrl":"https:\/\/lamaisondupoelon.fr\/wp-content\/litespeed\/avatar\/5005290cf9cd0d1dce03b7964cc5832f.jpg?ver=1777424986","caption":"Maxence"},"sameAs":["https:\/\/lamaisondupoelon.fr"],"url":"https:\/\/lamaisondupoelon.fr\/en\/author\/maxence-meynielmey-agence-com\/"}]}},"_links":{"self":[{"href":"https:\/\/lamaisondupoelon.fr\/en\/wp-json\/wp\/v2\/posts\/616","targetHints":{"allow":["GET"]}}],"collection":[{"href":"https:\/\/lamaisondupoelon.fr\/en\/wp-json\/wp\/v2\/posts"}],"about":[{"href":"https:\/\/lamaisondupoelon.fr\/en\/wp-json\/wp\/v2\/types\/post"}],"author":[{"embeddable":true,"href":"https:\/\/lamaisondupoelon.fr\/en\/wp-json\/wp\/v2\/users\/1"}],"replies":[{"embeddable":true,"href":"https:\/\/lamaisondupoelon.fr\/en\/wp-json\/wp\/v2\/comments?post=616"}],"version-history":[{"count":0,"href":"https:\/\/lamaisondupoelon.fr\/en\/wp-json\/wp\/v2\/posts\/616\/revisions"}],"wp:attachment":[{"href":"https:\/\/lamaisondupoelon.fr\/en\/wp-json\/wp\/v2\/media?parent=616"}],"wp:term":[{"taxonomy":"category","embeddable":true,"href":"https:\/\/lamaisondupoelon.fr\/en\/wp-json\/wp\/v2\/categories?post=616"},{"taxonomy":"post_tag","embeddable":true,"href":"https:\/\/lamaisondupoelon.fr\/en\/wp-json\/wp\/v2\/tags?post=616"}],"curies":[{"name":"wp","href":"https:\/\/api.w.org\/{rel}","templated":true}]}}