{"id":618,"date":"2025-10-26T12:33:24","date_gmt":"2025-10-26T12:33:24","guid":{"rendered":"https:\/\/lamaisondupoelon.fr\/sejour-professionnel-hebergement\/"},"modified":"2025-10-26T12:33:24","modified_gmt":"2025-10-26T12:33:24","slug":"sejour-professionnel-hebergement","status":"publish","type":"post","link":"https:\/\/lamaisondupoelon.fr\/en\/sejour-professionnel-hebergement\/","title":{"rendered":"Comment choisir un h\u00e9bergement pour un d\u00e9placement professionnel r\u00e9ussi"},"content":{"rendered":"<p><img decoding=\"async\" src=\"\" alt=\"Cover Image\" \/><\/p>\n<h1>Comment choisir un h\u00e9bergement pour un d\u00e9placement professionnel r\u00e9ussi<\/h1>\n<p><\/p>\n<p>Temps de lecture estim\u00e9 : 6 minutes<\/p>\n<ul>  <\/p>\n<li>Priorisez une localisation proche de vos rendez-vous et axes de transport pour gagner du temps et r\u00e9duire le stress.<\/li>\n<p>  <\/p>\n<li>V\u00e9rifiez les \u00e9quipements essentiels: <strong>WiFi<\/strong>, espace de travail adapt\u00e9 et, si besoin, salle de r\u00e9union.<\/li>\n<p>  <\/p>\n<li>Choisissez un cadre <em>calme<\/em> et une ambiance propice \u00e0 la concentration et au repos.<\/li>\n<p>  <\/p>\n<li>Privil\u00e9giez des services personnalis\u00e9s et fiez-vous aux avis d\u2019autres professionnels.<\/li>\n<p>  <\/p>\n<li>Les chambres d\u2019h\u00f4tes offrent convivialit\u00e9, productivit\u00e9 et un bon <strong>rapport qualit\u00e9-prix<\/strong> pour un s\u00e9jour business.<\/li>\n<p><\/ul>\n<h2>Table des mati\u00e8res<\/h2>\n<p><\/p>\n<ul>  <\/p>\n<li><a href=\"#importance\">Comprendre l&rsquo;importance de l&rsquo;h\u00e9bergement dans votre s\u00e9jour professionnel<\/a><\/li>\n<p>  <\/p>\n<li>    <a href=\"#criteres\">Crit\u00e8res essentiels pour choisir votre h\u00e9bergement<\/a><br \/> \n<ul>      <\/p>\n<li><a href=\"#localisation\">1. La localisation<\/a><\/li>\n<p>      <\/p>\n<li><a href=\"#equipements\">2. Les \u00e9quipements disponibles<\/a><\/li>\n<p>      <\/p>\n<li><a href=\"#ambiance\">3. Ambiance et calme<\/a><\/li>\n<p>      <\/p>\n<li><a href=\"#services\">4. Services personnalis\u00e9s<\/a><\/li>\n<p>      <\/p>\n<li><a href=\"#avis\">5. Avis et recommandations<\/a><\/li>\n<p>    <\/ul>\n<p>  <\/li>\n<p>  <\/p>\n<li>    <a href=\"#avantages\">Les avantages d&rsquo;une chambre d&rsquo;h\u00f4tes pour un s\u00e9jour professionnel<\/a><br \/> \n<ul>      <\/p>\n<li><a href=\"#cadre-convivial\">Un cadre convivial<\/a><\/li>\n<p>      <\/p>\n<li><a href=\"#productivite\">Un environnement propice \u00e0 la productivit\u00e9<\/a><\/li>\n<p>      <\/p>\n<li><a href=\"#rapport-qualite-prix\">Un rapport qualit\u00e9-prix<\/a><\/li>\n<p>    <\/ul>\n<p>  <\/li>\n<p>  <\/p>\n<li><a href=\"#conclusion\">Conclusion<\/a><\/li>\n<p>  <\/p>\n<li><a href=\"#faq\">FAQ<\/a><\/li>\n<p><\/ul>\n<h2 id=\"importance\">Comprendre l&rsquo;importance de l&rsquo;h\u00e9bergement dans votre s\u00e9jour professionnel<\/h2>\n<p><\/p>\n<p><em>Comment choisir un h\u00e9bergement pour un d\u00e9placement professionnel r\u00e9ussi<\/em><\/p>\n<p><\/p>\n<blockquote><p>  <\/p>\n<p>Lorsqu&rsquo;il s&rsquo;agit de <a href=\"https:\/\/fr.wikipedia.org\/wiki\/Voyage_d%27affaires\" target=\"_blank\" rel=\"noopener nofollow\">d\u00e9placements professionnels<\/a>, le choix de l&rsquo;h\u00e9bergement est crucial. Un bon s\u00e9jour peut faire la diff\u00e9rence entre une exp\u00e9rience agr\u00e9able et un v\u00e9ritable cauchemar. Dans cet article, nous allons vous guider sur les \u00e9l\u00e9ments \u00e0 prendre en compte pour choisir le meilleur h\u00e9bergement pour un s\u00e9jour business, notamment en optant pour des <a href=\"https:\/\/fr.wikipedia.org\/wiki\/Chambre_d%27h%C3%B4tes\" target=\"_blank\" rel=\"noopener nofollow\">chambres d\u2019h\u00f4tes<\/a> adapt\u00e9es aux besoins des professionnels.<\/p>\n<p><\/p><\/blockquote>\n<p><\/p>\n<p>Un s\u00e9jour professionnel en semaine peut souvent \u00eatre synonyme de journ\u00e9es charg\u00e9es, de r\u00e9unions et de d\u00e9placements. Dans ce contexte, l&rsquo;h\u00e9bergement joue un r\u00f4le cl\u00e9. En choisissant un endroit calme et bien \u00e9quip\u00e9, vous vous offrez la possibilit\u00e9 de travailler efficacement tout en pr\u00e9servant votre bien-\u00eatre. De plus, un cadre serein facilite la concentration, vous permettant ainsi de rester productif.<\/p>\n<p><\/p>\n<p>Notre Maison d&rsquo;h\u00f4tes s\u2019adapte parfaitement pour r\u00e9pondre aux besoins des professionnels en d\u00e9placement. Vous y serez re\u00e7us par des h\u00f4tes passionn\u00e9s, qui garantissent un service personnalis\u00e9 et une atmosph\u00e8re conviviale, loin de l&rsquo;anonymat des grandes cha\u00eenes h\u00f4teli\u00e8res.<\/p>\n<h2 id=\"criteres\">Crit\u00e8res essentiels pour choisir votre h\u00e9bergement<\/h2>\n<h3 id=\"localisation\">1. La localisation<\/h3>\n<p><\/p>\n<p>La premi\u00e8re chose \u00e0 consid\u00e9rer est la localisation. Id\u00e9alement, votre h\u00e9bergement devrait \u00eatre proche de votre lieu de travail ou des rendez-vous que vous allez avoir. Si vous vous d\u00e9placez souvent pour des s\u00e9minaires ou des r\u00e9unions d&rsquo;affaires, opter pour une chambre calme pour <a href=\"https:\/\/fr.wikipedia.org\/wiki\/T%C3%A9l%C3%A9travail\" target=\"_blank\" rel=\"noopener nofollow\">t\u00e9l\u00e9travail<\/a> qui vous permet d&rsquo;\u00eatre proche des axes de transport peut \u00e9galement \u00eatre un atout.<\/p>\n<h3 id=\"equipements\">2. Les \u00e9quipements disponibles<\/h3>\n<p><\/p>\n<p>L&rsquo;\u00e9quipement est un autre facteur d\u00e9terminant dans le choix de votre h\u00e9bergement. Pour ceux qui ont besoin de travailler, il est essentiel de v\u00e9rifier la pr\u00e9sence du <a href=\"https:\/\/fr.wikipedia.org\/wiki\/Wi-Fi\" target=\"_blank\" rel=\"noopener nofollow\">WiFi<\/a>, d&rsquo;un espace de travail adapt\u00e9 et \u00e9ventuellement d&rsquo;une salle de r\u00e9union. La Maison du Po\u00ealon dispose d\u2019\u00e9quipements modernes et des espaces sp\u00e9cialement con\u00e7us pour le <a href=\"https:\/\/www.service-public.fr\/particuliers\/vosdroits\/F13845\" target=\"_blank\" rel=\"noopener nofollow\">t\u00e9l\u00e9travail<\/a>, permettant ainsi de concilier travail et confort.<\/p>\n<h3 id=\"ambiance\">3. Ambiance et calme<\/h3>\n<p><\/p>\n<p>Le cadre de votre h\u00e9bergement doit favoriser la tranquillit\u00e9. Une chambre d\u2019h\u00f4tes qui privil\u00e9gie le calme vous aidera \u00e0 vous concentrer sur vos t\u00e2ches professionnelles. En effet, apr\u00e8s une journ\u00e9e charg\u00e9e, il est important de se reposer dans un environnement apaisant. Les \u00e9tablissements tels que La Maison du Po\u00ealon sont souvent situ\u00e9s dans des zones paisibles, con\u00e7ues pour garantir une bonne qualit\u00e9 de sommeil et une ambiance propice \u00e0 la d\u00e9tende.<\/p>\n<h3 id=\"services\">4. Services personnalis\u00e9s<\/h3>\n<p><\/p>\n<p>Le service est un atout incontournable dans le choix de votre h\u00e9bergement. Une attention particuli\u00e8re doit \u00eatre port\u00e9e \u00e0 l\u2019accueil et \u00e0 la disponibilit\u00e9 des h\u00f4tes. Un personnel attentif peut faire une grande diff\u00e9rence en vous fournissant des conseils sur les restaurants locaux pour vos repas d&rsquo;affaires ou en vous aidant \u00e0 organiser des transports. Une chambre d&rsquo;h\u00f4tes qui offre des repas faits maison peut \u00e9galement contribuer \u00e0 votre confort et vous \u00e9viter de sortir le soir apr\u00e8s une longue journ\u00e9e.<\/p>\n<h3 id=\"avis\">5. Avis et recommandations<\/h3>\n<p><\/p>\n<p>Avant de finaliser votre r\u00e9servation, prenez le temps de lire les avis d&rsquo;autres voyageurs. Ces retours d&rsquo;exp\u00e9rience vous permettront d&rsquo;avoir une id\u00e9e pr\u00e9cise de la qualit\u00e9 des services propos\u00e9s et de l&rsquo;ambiance g\u00e9n\u00e9rale de l&rsquo;\u00e9tablissement. N&rsquo;h\u00e9sitez pas \u00e0 demander des recommandations \u00e0 vos coll\u00e8gues ou \u00e0 d&rsquo;autres professionnels de votre secteur.<\/p>\n<h2 id=\"avantages\">Les avantages d&rsquo;une chambre d&rsquo;h\u00f4tes pour un s\u00e9jour professionnel<\/h2>\n<h3 id=\"cadre-convivial\">Un cadre convivial<\/h3>\n<p><\/p>\n<p>Les chambres d&rsquo;h\u00f4tes offrent souvent un cadre familial et chaleureux, ce qui peut \u00eatre une belle alternative aux h\u00f4tels impersonnels. Vous y trouverez un personnel d\u00e9vou\u00e9 et \u00e0 l&rsquo;\u00e9coute qui sera ravi de r\u00e9pondre \u00e0 vos besoins.<\/p>\n<h3 id=\"productivite\">Un environnement propice \u00e0 la productivit\u00e9<\/h3>\n<p><\/p>\n<p>La Maison du Po\u00ealon met toute en \u0153uvre pour favoriser la productivit\u00e9. Nous disposons d&rsquo;espaces de travail confortables et d&rsquo;\u00e9quipements modernes, et leur emplacement calme permet de travailler sans distractions.<\/p>\n<h3 id=\"rapport-qualite-prix\">Un rapport qualit\u00e9-prix<\/h3>\n<p><\/p>\n<p>Nous affichons des tarifs comp\u00e9titifs par rapport aux h\u00f4tels traditionnels, tout en incluant des services suppl\u00e9mentaires, comme des repas faits maison et la possibilit\u00e9 d&rsquo;acc\u00e9der \u00e0 des salles de r\u00e9union.<\/p>\n<h2 id=\"conclusion\">Conclusion<\/h2>\n<p><\/p>\n<p>Choisir le bon h\u00e9bergement pour un d\u00e9placement professionnel est essentiel pour garantir votre confort, votre productivit\u00e9 et votre bien-\u00eatre. En privil\u00e9giant une chambre d\u2019h\u00f4tes comme La Maison du Po\u00ealon, vous b\u00e9n\u00e9ficierez d\u2019un cadre calme, id\u00e9al pour le t\u00e9l\u00e9travail, tout en profitant d\u2019un service accueillant et personnalis\u00e9. En gardant \u00e0 l&rsquo;esprit les crit\u00e8res essentiels tels que la localisation, les \u00e9quipements disponibles et l&rsquo;ambiance, vous \u00eates d\u00e9sormais pr\u00eat \u00e0 faire un choix \u00e9clair\u00e9 pour votre prochain s\u00e9jour professionnel. N&rsquo;attendez plus, r\u00e9servez votre chambre et pr\u00e9parez-vous \u00e0 vivre une exp\u00e9rience professionnelle r\u00e9ussie dans un cadre apaisant et inspirant.<\/p>\n<h2 id=\"faq\">FAQ<\/h2>\n<h3>Comment estimer le temps de trajet optimal entre l\u2019h\u00e9bergement et mes rendez-vous ?<\/h3>\n<p><\/p>\n<p>Rep\u00e9rez vos lieux de r\u00e9union \u00e0 l\u2019avance et utilisez des cartes en ligne pour estimer les temps de d\u00e9placement aux heures de pointe. Privil\u00e9giez un h\u00e9bergement proche des axes de transport ou des zones d\u2019activit\u00e9s o\u00f9 vous intervenez.<\/p>\n<h3>Quels \u00e9quipements techniques v\u00e9rifier avant de r\u00e9server ?<\/h3>\n<p><\/p>\n<p>Assurez-vous de la pr\u00e9sence d\u2019un WiFi fiable, d\u2019un espace de travail adapt\u00e9 (bureau, chaise confortable), de prises accessibles et, si n\u00e9cessaire, d\u2019une salle de r\u00e9union. Demandez les <a href=\"https:\/\/maconnexioninternet.arcep.fr\/\" target=\"_blank\" rel=\"noopener nofollow\">d\u00e9bits Internet<\/a> et les horaires d\u2019acc\u00e8s aux espaces communs.<\/p>\n<h3>Comment garantir le calme pour bien travailler et bien dormir ?<\/h3>\n<p><\/p>\n<p>Privil\u00e9giez des \u00e9tablissements situ\u00e9s dans des zones paisibles, demandez une chambre \u00e9loign\u00e9e des espaces communs et informez l\u2019h\u00f4te que vous venez pour un s\u00e9jour business afin d\u2019obtenir des recommandations adapt\u00e9es.<\/p>\n<h3>Les chambres d\u2019h\u00f4tes conviennent-elles \u00e0 des s\u00e9jours de plusieurs jours en semaine ?<\/h3>\n<p><\/p>\n<p>Oui, elles offrent souvent une atmosph\u00e8re conviviale, des services personnalis\u00e9s et un cadre propice au travail, ce qui en fait une alternative efficace aux h\u00f4tels pour des s\u00e9jours professionnels en semaine.<\/p>\n<h3>Faut-il se fier aux <a href=\"https:\/\/www.economie.gouv.fr\/dgccrf\/publications\/vie-pratique\/fiches-pratiques\/avis-en-ligne-de-consommateurs\" target=\"_blank\" rel=\"noopener nofollow\">avis en ligne<\/a> ?<\/h3>\n<p><\/p>\n<p>Les avis donnent une vision utile de l\u2019exp\u00e9rience client. Lisez-en plusieurs, r\u00e9cents et d\u00e9taill\u00e9s, et compl\u00e9tez par des recommandations de coll\u00e8gues pour confirmer votre choix.<\/p>","protected":false},"excerpt":{"rendered":"<p>Comment choisir un h\u00e9bergement pour un d\u00e9placement professionnel r\u00e9ussi Temps de lecture estim\u00e9 : 6 minutes Priorisez une localisation proche [&hellip;]<\/p>\n","protected":false},"author":1,"featured_media":0,"comment_status":"closed","ping_status":"open","sticky":false,"template":"","format":"standard","meta":{"content-type":"","site-sidebar-layout":"default","site-content-layout":"","ast-site-content-layout":"default","site-content-style":"default","site-sidebar-style":"default","ast-global-header-display":"","ast-banner-title-visibility":"","ast-main-header-display":"","ast-hfb-above-header-display":"","ast-hfb-below-header-display":"","ast-hfb-mobile-header-display":"","site-post-title":"","ast-breadcrumbs-content":"","ast-featured-img":"","footer-sml-layout":"","ast-disable-related-posts":"","theme-transparent-header-meta":"","adv-header-id-meta":"","stick-header-meta":"","header-above-stick-meta":"","header-main-stick-meta":"","header-below-stick-meta":"","astra-migrate-meta-layouts":"default","ast-page-background-enabled":"default","ast-page-background-meta":{"desktop":{"background-color":"var(--ast-global-color-5)","background-image":"","background-repeat":"repeat","background-position":"center center","background-size":"auto","background-attachment":"scroll","background-type":"","background-media":"","overlay-type":"","overlay-color":"","overlay-opacity":"","overlay-gradient":""},"tablet":{"background-color":"","background-image":"","background-repeat":"repeat","background-position":"center center","background-size":"auto","background-attachment":"scroll","background-type":"","background-media":"","overlay-type":"","overlay-color":"","overlay-opacity":"","overlay-gradient":""},"mobile":{"background-color":"","background-image":"","background-repeat":"repeat","background-position":"center center","background-size":"auto","background-attachment":"scroll","background-type":"","background-media":"","overlay-type":"","overlay-color":"","overlay-opacity":"","overlay-gradient":""}},"ast-content-background-meta":{"desktop":{"background-color":"var(--ast-global-color-4)","background-image":"","background-repeat":"repeat","background-position":"center center","background-size":"auto","background-attachment":"scroll","background-type":"","background-media":"","overlay-type":"","overlay-color":"","overlay-opacity":"","overlay-gradient":""},"tablet":{"background-color":"var(--ast-global-color-4)","background-image":"","background-repeat":"repeat","background-position":"center center","background-size":"auto","background-attachment":"scroll","background-type":"","background-media":"","overlay-type":"","overlay-color":"","overlay-opacity":"","overlay-gradient":""},"mobile":{"background-color":"var(--ast-global-color-4)","background-image":"","background-repeat":"repeat","background-position":"center center","background-size":"auto","background-attachment":"scroll","background-type":"","background-media":"","overlay-type":"","overlay-color":"","overlay-opacity":"","overlay-gradient":""}},"footnotes":""},"categories":[1],"tags":[],"class_list":["post-618","post","type-post","status-publish","format-standard","hentry","category-uncategorized"],"yoast_head":"<!-- This site is optimized with the Yoast SEO plugin v27.3 - https:\/\/yoast.com\/product\/yoast-seo-wordpress\/ -->\n<title>Comment choisir un h\u00e9bergement pour un d\u00e9placement professionnel r\u00e9ussi - La Maison du Po\u00ealon<\/title>\n<meta name=\"robots\" content=\"index, follow, max-snippet:-1, max-image-preview:large, max-video-preview:-1\" \/>\n<link rel=\"canonical\" href=\"https:\/\/lamaisondupoelon.fr\/en\/sejour-professionnel-hebergement\/\" \/>\n<meta property=\"og:locale\" content=\"en_GB\" \/>\n<meta property=\"og:type\" content=\"article\" \/>\n<meta property=\"og:title\" content=\"Comment choisir un h\u00e9bergement pour un d\u00e9placement professionnel r\u00e9ussi - La Maison du Po\u00ealon\" \/>\n<meta property=\"og:description\" content=\"Comment choisir un h\u00e9bergement pour un d\u00e9placement professionnel r\u00e9ussi Temps de lecture estim\u00e9 : 6 minutes Priorisez une localisation proche [&hellip;]\" \/>\n<meta property=\"og:url\" content=\"https:\/\/lamaisondupoelon.fr\/en\/sejour-professionnel-hebergement\/\" \/>\n<meta property=\"og:site_name\" content=\"La Maison du Po\u00ealon\" \/>\n<meta property=\"article:published_time\" content=\"2025-10-26T12:33:24+00:00\" \/>\n<meta name=\"author\" content=\"Maxence\" \/>\n<meta name=\"twitter:card\" content=\"summary_large_image\" \/>\n<meta name=\"twitter:label1\" content=\"Written by\" \/>\n\t<meta name=\"twitter:data1\" content=\"Maxence\" \/>\n\t<meta name=\"twitter:label2\" content=\"Estimated reading time\" \/>\n\t<meta name=\"twitter:data2\" content=\"6 minutes\" \/>\n<script type=\"application\/ld+json\" class=\"yoast-schema-graph\">{\"@context\":\"https:\\\/\\\/schema.org\",\"@graph\":[{\"@type\":\"Article\",\"@id\":\"https:\\\/\\\/lamaisondupoelon.fr\\\/sejour-professionnel-hebergement\\\/#article\",\"isPartOf\":{\"@id\":\"https:\\\/\\\/lamaisondupoelon.fr\\\/sejour-professionnel-hebergement\\\/\"},\"author\":{\"name\":\"Maxence\",\"@id\":\"https:\\\/\\\/lamaisondupoelon.fr\\\/#\\\/schema\\\/person\\\/dd5b2aaab0df3b5d072bfb624d2b5b11\"},\"headline\":\"Comment choisir un h\u00e9bergement pour un d\u00e9placement professionnel r\u00e9ussi\",\"datePublished\":\"2025-10-26T12:33:24+00:00\",\"mainEntityOfPage\":{\"@id\":\"https:\\\/\\\/lamaisondupoelon.fr\\\/sejour-professionnel-hebergement\\\/\"},\"wordCount\":1297,\"publisher\":{\"@id\":\"https:\\\/\\\/lamaisondupoelon.fr\\\/#organization\"},\"articleSection\":[\"Uncategorized\"],\"inLanguage\":\"en-GB\"},{\"@type\":\"WebPage\",\"@id\":\"https:\\\/\\\/lamaisondupoelon.fr\\\/sejour-professionnel-hebergement\\\/\",\"url\":\"https:\\\/\\\/lamaisondupoelon.fr\\\/sejour-professionnel-hebergement\\\/\",\"name\":\"Comment choisir un h\u00e9bergement pour un d\u00e9placement professionnel r\u00e9ussi - La Maison du Po\u00ealon\",\"isPartOf\":{\"@id\":\"https:\\\/\\\/lamaisondupoelon.fr\\\/#website\"},\"datePublished\":\"2025-10-26T12:33:24+00:00\",\"breadcrumb\":{\"@id\":\"https:\\\/\\\/lamaisondupoelon.fr\\\/sejour-professionnel-hebergement\\\/#breadcrumb\"},\"inLanguage\":\"en-GB\",\"potentialAction\":[{\"@type\":\"ReadAction\",\"target\":[\"https:\\\/\\\/lamaisondupoelon.fr\\\/sejour-professionnel-hebergement\\\/\"]}]},{\"@type\":\"BreadcrumbList\",\"@id\":\"https:\\\/\\\/lamaisondupoelon.fr\\\/sejour-professionnel-hebergement\\\/#breadcrumb\",\"itemListElement\":[{\"@type\":\"ListItem\",\"position\":1,\"name\":\"Accueil\",\"item\":\"https:\\\/\\\/lamaisondupoelon.fr\\\/\"},{\"@type\":\"ListItem\",\"position\":2,\"name\":\"Comment choisir un h\u00e9bergement pour un d\u00e9placement professionnel r\u00e9ussi\"}]},{\"@type\":\"WebSite\",\"@id\":\"https:\\\/\\\/lamaisondupoelon.fr\\\/#website\",\"url\":\"https:\\\/\\\/lamaisondupoelon.fr\\\/\",\"name\":\"La Maison du Po\u00ealon\",\"description\":\"CHAMBRE D\u2019H\u00d4TES\",\"publisher\":{\"@id\":\"https:\\\/\\\/lamaisondupoelon.fr\\\/#organization\"},\"potentialAction\":[{\"@type\":\"SearchAction\",\"target\":{\"@type\":\"EntryPoint\",\"urlTemplate\":\"https:\\\/\\\/lamaisondupoelon.fr\\\/?s={search_term_string}\"},\"query-input\":{\"@type\":\"PropertyValueSpecification\",\"valueRequired\":true,\"valueName\":\"search_term_string\"}}],\"inLanguage\":\"en-GB\"},{\"@type\":\"Organization\",\"@id\":\"https:\\\/\\\/lamaisondupoelon.fr\\\/#organization\",\"name\":\"La Maison du Po\u00ealon\",\"url\":\"https:\\\/\\\/lamaisondupoelon.fr\\\/\",\"logo\":{\"@type\":\"ImageObject\",\"inLanguage\":\"en-GB\",\"@id\":\"https:\\\/\\\/lamaisondupoelon.fr\\\/#\\\/schema\\\/logo\\\/image\\\/\",\"url\":\"https:\\\/\\\/lamaisondupoelon.fr\\\/wp-content\\\/uploads\\\/2025\\\/08\\\/cropped-ChatGPT-Image-1-aout-2025-18_38_42.png\",\"contentUrl\":\"https:\\\/\\\/lamaisondupoelon.fr\\\/wp-content\\\/uploads\\\/2025\\\/08\\\/cropped-ChatGPT-Image-1-aout-2025-18_38_42.png\",\"width\":1023,\"height\":1023,\"caption\":\"La Maison du Po\u00ealon\"},\"image\":{\"@id\":\"https:\\\/\\\/lamaisondupoelon.fr\\\/#\\\/schema\\\/logo\\\/image\\\/\"}},{\"@type\":\"Person\",\"@id\":\"https:\\\/\\\/lamaisondupoelon.fr\\\/#\\\/schema\\\/person\\\/dd5b2aaab0df3b5d072bfb624d2b5b11\",\"name\":\"Maxence\",\"image\":{\"@type\":\"ImageObject\",\"inLanguage\":\"en-GB\",\"@id\":\"https:\\\/\\\/lamaisondupoelon.fr\\\/wp-content\\\/litespeed\\\/avatar\\\/5005290cf9cd0d1dce03b7964cc5832f.jpg?ver=1777424986\",\"url\":\"https:\\\/\\\/lamaisondupoelon.fr\\\/wp-content\\\/litespeed\\\/avatar\\\/5005290cf9cd0d1dce03b7964cc5832f.jpg?ver=1777424986\",\"contentUrl\":\"https:\\\/\\\/lamaisondupoelon.fr\\\/wp-content\\\/litespeed\\\/avatar\\\/5005290cf9cd0d1dce03b7964cc5832f.jpg?ver=1777424986\",\"caption\":\"Maxence\"},\"sameAs\":[\"https:\\\/\\\/lamaisondupoelon.fr\"],\"url\":\"https:\\\/\\\/lamaisondupoelon.fr\\\/en\\\/author\\\/maxence-meynielmey-agence-com\\\/\"}]}<\/script>\n<!-- \/ Yoast SEO plugin. -->","yoast_head_json":{"title":"Comment choisir un h\u00e9bergement pour un d\u00e9placement professionnel r\u00e9ussi - La Maison du Po\u00ealon","robots":{"index":"index","follow":"follow","max-snippet":"max-snippet:-1","max-image-preview":"max-image-preview:large","max-video-preview":"max-video-preview:-1"},"canonical":"https:\/\/lamaisondupoelon.fr\/en\/sejour-professionnel-hebergement\/","og_locale":"en_GB","og_type":"article","og_title":"Comment choisir un h\u00e9bergement pour un d\u00e9placement professionnel r\u00e9ussi - La Maison du Po\u00ealon","og_description":"Comment choisir un h\u00e9bergement pour un d\u00e9placement professionnel r\u00e9ussi Temps de lecture estim\u00e9 : 6 minutes Priorisez une localisation proche [&hellip;]","og_url":"https:\/\/lamaisondupoelon.fr\/en\/sejour-professionnel-hebergement\/","og_site_name":"La Maison du Po\u00ealon","article_published_time":"2025-10-26T12:33:24+00:00","author":"Maxence","twitter_card":"summary_large_image","twitter_misc":{"Written by":"Maxence","Estimated reading time":"6 minutes"},"schema":{"@context":"https:\/\/schema.org","@graph":[{"@type":"Article","@id":"https:\/\/lamaisondupoelon.fr\/sejour-professionnel-hebergement\/#article","isPartOf":{"@id":"https:\/\/lamaisondupoelon.fr\/sejour-professionnel-hebergement\/"},"author":{"name":"Maxence","@id":"https:\/\/lamaisondupoelon.fr\/#\/schema\/person\/dd5b2aaab0df3b5d072bfb624d2b5b11"},"headline":"Comment choisir un h\u00e9bergement pour un d\u00e9placement professionnel r\u00e9ussi","datePublished":"2025-10-26T12:33:24+00:00","mainEntityOfPage":{"@id":"https:\/\/lamaisondupoelon.fr\/sejour-professionnel-hebergement\/"},"wordCount":1297,"publisher":{"@id":"https:\/\/lamaisondupoelon.fr\/#organization"},"articleSection":["Uncategorized"],"inLanguage":"en-GB"},{"@type":"WebPage","@id":"https:\/\/lamaisondupoelon.fr\/sejour-professionnel-hebergement\/","url":"https:\/\/lamaisondupoelon.fr\/sejour-professionnel-hebergement\/","name":"Comment choisir un h\u00e9bergement pour un d\u00e9placement professionnel r\u00e9ussi - La Maison du Po\u00ealon","isPartOf":{"@id":"https:\/\/lamaisondupoelon.fr\/#website"},"datePublished":"2025-10-26T12:33:24+00:00","breadcrumb":{"@id":"https:\/\/lamaisondupoelon.fr\/sejour-professionnel-hebergement\/#breadcrumb"},"inLanguage":"en-GB","potentialAction":[{"@type":"ReadAction","target":["https:\/\/lamaisondupoelon.fr\/sejour-professionnel-hebergement\/"]}]},{"@type":"BreadcrumbList","@id":"https:\/\/lamaisondupoelon.fr\/sejour-professionnel-hebergement\/#breadcrumb","itemListElement":[{"@type":"ListItem","position":1,"name":"Accueil","item":"https:\/\/lamaisondupoelon.fr\/"},{"@type":"ListItem","position":2,"name":"Comment choisir un h\u00e9bergement pour un d\u00e9placement professionnel r\u00e9ussi"}]},{"@type":"WebSite","@id":"https:\/\/lamaisondupoelon.fr\/#website","url":"https:\/\/lamaisondupoelon.fr\/","name":"La Maison du Po\u00ealon","description":"CHAMBRE D\u2019H\u00d4TES","publisher":{"@id":"https:\/\/lamaisondupoelon.fr\/#organization"},"potentialAction":[{"@type":"SearchAction","target":{"@type":"EntryPoint","urlTemplate":"https:\/\/lamaisondupoelon.fr\/?s={search_term_string}"},"query-input":{"@type":"PropertyValueSpecification","valueRequired":true,"valueName":"search_term_string"}}],"inLanguage":"en-GB"},{"@type":"Organization","@id":"https:\/\/lamaisondupoelon.fr\/#organization","name":"La Maison du Po\u00ealon","url":"https:\/\/lamaisondupoelon.fr\/","logo":{"@type":"ImageObject","inLanguage":"en-GB","@id":"https:\/\/lamaisondupoelon.fr\/#\/schema\/logo\/image\/","url":"https:\/\/lamaisondupoelon.fr\/wp-content\/uploads\/2025\/08\/cropped-ChatGPT-Image-1-aout-2025-18_38_42.png","contentUrl":"https:\/\/lamaisondupoelon.fr\/wp-content\/uploads\/2025\/08\/cropped-ChatGPT-Image-1-aout-2025-18_38_42.png","width":1023,"height":1023,"caption":"La Maison du Po\u00ealon"},"image":{"@id":"https:\/\/lamaisondupoelon.fr\/#\/schema\/logo\/image\/"}},{"@type":"Person","@id":"https:\/\/lamaisondupoelon.fr\/#\/schema\/person\/dd5b2aaab0df3b5d072bfb624d2b5b11","name":"Maxence","image":{"@type":"ImageObject","inLanguage":"en-GB","@id":"https:\/\/lamaisondupoelon.fr\/wp-content\/litespeed\/avatar\/5005290cf9cd0d1dce03b7964cc5832f.jpg?ver=1777424986","url":"https:\/\/lamaisondupoelon.fr\/wp-content\/litespeed\/avatar\/5005290cf9cd0d1dce03b7964cc5832f.jpg?ver=1777424986","contentUrl":"https:\/\/lamaisondupoelon.fr\/wp-content\/litespeed\/avatar\/5005290cf9cd0d1dce03b7964cc5832f.jpg?ver=1777424986","caption":"Maxence"},"sameAs":["https:\/\/lamaisondupoelon.fr"],"url":"https:\/\/lamaisondupoelon.fr\/en\/author\/maxence-meynielmey-agence-com\/"}]}},"_links":{"self":[{"href":"https:\/\/lamaisondupoelon.fr\/en\/wp-json\/wp\/v2\/posts\/618","targetHints":{"allow":["GET"]}}],"collection":[{"href":"https:\/\/lamaisondupoelon.fr\/en\/wp-json\/wp\/v2\/posts"}],"about":[{"href":"https:\/\/lamaisondupoelon.fr\/en\/wp-json\/wp\/v2\/types\/post"}],"author":[{"embeddable":true,"href":"https:\/\/lamaisondupoelon.fr\/en\/wp-json\/wp\/v2\/users\/1"}],"replies":[{"embeddable":true,"href":"https:\/\/lamaisondupoelon.fr\/en\/wp-json\/wp\/v2\/comments?post=618"}],"version-history":[{"count":0,"href":"https:\/\/lamaisondupoelon.fr\/en\/wp-json\/wp\/v2\/posts\/618\/revisions"}],"wp:attachment":[{"href":"https:\/\/lamaisondupoelon.fr\/en\/wp-json\/wp\/v2\/media?parent=618"}],"wp:term":[{"taxonomy":"category","embeddable":true,"href":"https:\/\/lamaisondupoelon.fr\/en\/wp-json\/wp\/v2\/categories?post=618"},{"taxonomy":"post_tag","embeddable":true,"href":"https:\/\/lamaisondupoelon.fr\/en\/wp-json\/wp\/v2\/tags?post=618"}],"curies":[{"name":"wp","href":"https:\/\/api.w.org\/{rel}","templated":true}]}}