{"id":621,"date":"2025-10-26T16:02:25","date_gmt":"2025-10-26T16:02:25","guid":{"rendered":"https:\/\/lamaisondupoelon.fr\/hebergement-pour-seminaire\/"},"modified":"2025-10-26T16:02:25","modified_gmt":"2025-10-26T16:02:25","slug":"hebergement-pour-seminaire","status":"publish","type":"post","link":"https:\/\/lamaisondupoelon.fr\/en\/hebergement-pour-seminaire\/","title":{"rendered":"S\u00e9minaire d\u2019entreprise : faut-il choisir un h\u00f4tel ou notre chambre d\u2019h\u00f4tes ?"},"content":{"rendered":"<p><img decoding=\"async\" src=\"\" alt=\"Cover Image\" \/><\/p>\n<h1>S\u00e9minaire d\u2019entreprise : faut-il choisir un h\u00f4tel ou notre chambre d\u2019h\u00f4tes ?<\/h1>\n<p><\/p>\n<p><em>Temps de lecture estim\u00e9 : 6 minutes<\/em><\/p>\n<ul>  <\/p>\n<li><strong>Le choix de l\u2019h\u00e9bergement<\/strong> influence directement l\u2019ambiance, la productivit\u00e9 et la coh\u00e9sion des \u00e9quipes.<\/li>\n<p>  <\/p>\n<li>Les <strong>h\u00f4tels avec salles de r\u00e9union<\/strong> offrent une infrastructure standardis\u00e9e et des \u00e9quipements complets, mais un cadre parfois impersonnel.<\/li>\n<p>  <\/p>\n<li>Les <strong>chambres d\u2019h\u00f4tes<\/strong> comme La Maison du Po\u00ealon proposent un environnement intimiste, un service personnalis\u00e9 et des espaces adapt\u00e9s au travail.<\/li>\n<p>  <\/p>\n<li>\u00c9valuez la <strong>taille du groupe<\/strong>, les <strong>besoins mat\u00e9riels<\/strong> et les <strong>objectifs<\/strong> pour choisir la formule la plus pertinente.<\/li>\n<p>  <\/p>\n<li>Pour une <strong>exp\u00e9rience humaine<\/strong> et m\u00e9morable, la chambre d\u2019h\u00f4tes peut s\u2019av\u00e9rer \u00eatre un choix strat\u00e9gique.<\/li>\n<p><\/ul>\n<h2>Table des mati\u00e8res<\/h2>\n<p><\/p>\n<ul>  <\/p>\n<li><a href=\"#pourquoi-choix-hebergement\">Pourquoi le choix de l\u2019h\u00e9bergement est-il crucial ?<\/a><\/li>\n<p>  <\/p>\n<li><a href=\"#avantages-hotels\">Les avantages des h\u00f4tels avec salles de r\u00e9union<\/a><\/li>\n<p>  <\/p>\n<li><a href=\"#atouts-chambres-hotes\">Les atouts des chambres d\u2019h\u00f4tes pour s\u00e9minaire d\u2019entreprise<\/a><\/li>\n<p>  <\/p>\n<li><a href=\"#evaluer-besoins-objectifs\">\u00c9valuer vos besoins et vos objectifs<\/a><\/li>\n<p>  <\/p>\n<li><a href=\"#maison-du-poelon\">La Maison du Po\u00ealon : un choix strat\u00e9gique<\/a><\/li>\n<p>  <\/p>\n<li><a href=\"#conclusion\">Conclusion : quel choix pour votre s\u00e9minaire ?<\/a><\/li>\n<p>  <\/p>\n<li><a href=\"#faq\">FAQ<\/a><\/li>\n<p><\/ul>\n<h2 id=\"pourquoi-choix-hebergement\">S\u00e9minaire d\u2019entreprise : faut-il choisir un h\u00f4tel ou notre chambre d\u2019h\u00f4tes ?<\/h2>\n<p><\/p>\n<p>Organiser un <a href=\"https:\/\/fr.wikipedia.org\/wiki\/S%C3%A9minaire_(entreprise)\" target=\"_blank\" rel=\"noopener\">s\u00e9minaire d\u2019entreprise<\/a> est un moment strat\u00e9gique pour toute soci\u00e9t\u00e9. Il s\u2019agit de rassembler les \u00e9quipes, de favoriser l\u2019\u00e9change d\u2019id\u00e9es et de renforcer la <a href=\"https:\/\/fr.wikipedia.org\/wiki\/Coh%C3%A9sion_de_groupe\" target=\"_blank\" rel=\"noopener\">coh\u00e9sion<\/a>. Mais l\u2019un des choix les plus cruciaux lors de la planification d\u2019un tel \u00e9v\u00e9nement reste l\u2019h\u00e9bergement. Faut-il opter pour un <a href=\"https:\/\/fr.wikipedia.org\/wiki\/H%C3%B4tel\" target=\"_blank\" rel=\"noopener\">h\u00f4tel<\/a> classique avec salle de r\u00e9union ou une <a href=\"https:\/\/fr.wikipedia.org\/wiki\/Chambre_d%27h%C3%B4tes\" target=\"_blank\" rel=\"noopener\">chambre d\u2019h\u00f4tes<\/a> comme La Maison du Po\u00ealon ? Cet article compare ces deux options afin de vous aider \u00e0 faire le meilleur choix pour votre prochain s\u00e9minaire.<\/p>\n<h2 id=\"pourquoi-choix-hebergement\">Pourquoi le choix de l\u2019h\u00e9bergement est-il crucial ?<\/h2>\n<p><\/p>\n<p>L\u2019h\u00e9bergement pour s\u00e9minaire d\u2019entreprise joue un r\u00f4le d\u00e9terminant dans la r\u00e9ussite de votre \u00e9v\u00e9nement. En effet, le cadre dans lequel se d\u00e9roulent les \u00e9changes influence non seulement l\u2019ambiance, mais aussi la productivit\u00e9 des participants. Un environnement calme et confortable favorise la concentration, tandis qu\u2019une atmosph\u00e8re trop formelle ou impersonnelle peut nuire \u00e0 la cr\u00e9ativit\u00e9 et \u00e0 l\u2019interaction des \u00e9quipes.<\/p>\n<p><\/p>\n<blockquote><p>  <\/p>\n<p><em>Le lieu de s\u00e9jour conditionne la qualit\u00e9 des \u00e9changes, la disponibilit\u00e9 des esprits et la dynamique collective.<\/em><\/p>\n<p><\/p><\/blockquote>\n<h2 id=\"avantages-hotels\">Les avantages des h\u00f4tels avec salles de r\u00e9union<\/h2>\n<p><\/p>\n<p>Choisir un h\u00f4tel avec salle de r\u00e9union pour votre s\u00e9minaire pr\u00e9sente certains atouts ind\u00e9niables. Ces \u00e9tablissements sont souvent bien \u00e9quip\u00e9s avec des technologies modernes, telles que des projecteurs, du mat\u00e9riel audiovisuel et un acc\u00e8s haut d\u00e9bit \u00e0 Internet. De plus, les h\u00f4tels offrent g\u00e9n\u00e9ralement des services complets : restauration sur place, espaces de d\u00e9tente, et parfois m\u00eame des \u00e9quipements de loisirs.<\/p>\n<p><\/p>\n<p>Cependant, l\u2019aspect ennuyeux et standardis\u00e9 des cha\u00eenes h\u00f4teli\u00e8res peut peser sur l\u2019ambiance de votre s\u00e9minaire. Le cadre est souvent impersonnel et ne favorise pas l\u2019intimit\u00e9 n\u00e9cessaire \u00e0 des \u00e9changes profonds. Les participants peuvent se sentir d\u00e9connect\u00e9s, limitant ainsi la dynamique collaborative que vous esp\u00e9rez cr\u00e9er.<\/p>\n<h2 id=\"atouts-chambres-hotes\">Les atouts des chambres d\u2019h\u00f4tes pour s\u00e9minaire d\u2019entreprise<\/h2>\n<p><\/p>\n<p>D\u2019un autre c\u00f4t\u00e9, opter pour une chambre d\u2019h\u00f4tes comme La Maison du Po\u00ealon peut transformer votre s\u00e9minaire en une exp\u00e9rience m\u00e9morable. Voici quelques avantages cl\u00e9s :<\/p>\n<h3>Un cadre intimiste et chaleureux<\/h3>\n<p><\/p>\n<p>La Maison du Po\u00ealon propose un environnement calme et raffin\u00e9, id\u00e9al pour favoriser les \u00e9changes constructifs. Les chambres individuelles offrent un confort moderne et un accueil personnalis\u00e9, o\u00f9 chaque d\u00e9tail est pens\u00e9 pour le bien-\u00eatre des professionnels. Ce cadre intime permet aux participants de se sentir plus d\u00e9tendus et ouverts, propices \u00e0 un dialogue franc et sinc\u00e8re.<\/p>\n<h3>Des \u00e9quipements adapt\u00e9s<\/h3>\n<p><\/p>\n<p>Alors que l\u2019on pourrait penser qu\u2019une chambre d\u2019h\u00f4tes ne dispose pas des \u00e9quipements n\u00e9cessaires pour un s\u00e9minaire, La Maison du Po\u00ealon d\u00e9ment cette id\u00e9e. Avec des salles de r\u00e9union enti\u00e8rement \u00e9quip\u00e9es, incluant <a href=\"https:\/\/fr.wikipedia.org\/wiki\/Wi-Fi\" target=\"_blank\" rel=\"noopener\">WiFi haut d\u00e9bit<\/a>, <a href=\"https:\/\/fr.wikipedia.org\/wiki\/Vid%C3%A9oprojecteur\" target=\"_blank\" rel=\"noopener\">vid\u00e9oprojecteurs<\/a> et <a href=\"https:\/\/fr.wikipedia.org\/wiki\/Tableau_blanc\" target=\"_blank\" rel=\"noopener\">tableaux blancs<\/a>, cet \u00e9tablissement est parfaitement adapt\u00e9 aux besoins des entreprises. Les espaces sont con\u00e7us pour favoriser la cr\u00e9ativit\u00e9 et l\u2019interaction, loin des distractions du quotidien.<\/p>\n<h3>Un service personnalis\u00e9<\/h3>\n<p><\/p>\n<p>Contrairement aux grandes cha\u00eenes h\u00f4teli\u00e8res, La Maison du Po\u00ealon se concentre sur l\u2019hospitalit\u00e9 et le service. L\u2019accueil chaleureux et l\u2019attention port\u00e9e aux d\u00e9tails garantissent une exp\u00e9rience unique. Les repas faits maison, utilisant des ingr\u00e9dients locaux, renforcent l\u2019aspect convivial de votre \u00e9v\u00e9nement, tout en respectant les r\u00e9gimes alimentaires sp\u00e9cifiques si n\u00e9cessaire.<\/p>\n<h3>Une proximit\u00e9 avec la nature<\/h3>\n<p><\/p>\n<p>Situ\u00e9 dans un cadre naturel, La Maison du Po\u00ealon permet aux participants de s\u2019\u00e9vader des contraintes urbaines. Apr\u00e8s une journ\u00e9e de s\u00e9minaire, ils peuvent profiter de balades dans un environnement apaisant, favorisant ainsi la d\u00e9tente et la cr\u00e9ativit\u00e9. Un cadre paisible contribue \u00e0 des \u00e9changes plus informels et cr\u00e9atifs, essentiels \u00e0 l\u2019innovation.<\/p>\n<h2 id=\"evaluer-besoins-objectifs\">\u00c9valuer vos besoins et vos objectifs<\/h2>\n<p><\/p>\n<p>Avant de trancher entre un h\u00f4tel et une chambre d\u2019h\u00f4tes, il est crucial d\u2019\u00e9valuer vos besoins sp\u00e9cifiques. Quelle est la taille de votre groupe ? Quels \u00e9quipements sont indispensables pour votre s\u00e9minaire ? En fonction de la diversit\u00e9 des besoins, une chambre d\u2019h\u00f4tes peut se r\u00e9v\u00e9ler \u00eatre la meilleure option pour cr\u00e9er une atmosph\u00e8re collaborative. En revanche, si vous recherchez davantage d\u2019infrastructure standardis\u00e9e, un h\u00f4tel avec salle de r\u00e9union pourrait convenir.<\/p>\n<h2 id=\"maison-du-poelon\">La Maison du Po\u00ealon : un choix strat\u00e9gique<\/h2>\n<p><\/p>\n<p>En choisissant La Maison du Po\u00ealon, vous optez non seulement pour un h\u00e9bergement corporate de qualit\u00e9, mais aussi pour une exp\u00e9rience humaine. Les petites attentions, l\u2019accueil personnalis\u00e9 et l\u2019attention port\u00e9e au bien-\u00eatre des invit\u00e9s distinguent cet \u00e9tablissement des cha\u00eenes h\u00f4teli\u00e8res conventionnelles. Le cadre paisible permet de se concentrer pleinement sur les objectifs du s\u00e9minaire.<\/p>\n<h2 id=\"conclusion\">Conclusion : quel choix pour votre s\u00e9minaire ?<\/h2>\n<p><\/p>\n<p>Les d\u00e9cisions relatives \u00e0 l\u2019h\u00e9bergement pour s\u00e9minaire d\u2019entreprise ont un impact significatif sur l\u2019\u00e9v\u00e9nement. Si les h\u00f4tels avec salles de r\u00e9union offrent certains avantages en termes d\u2019\u00e9quipements, les chambres d\u2019h\u00f4tes comme La Maison du Po\u00ealon apportent une dimension humaine qui peut faire toute la diff\u00e9rence. Un cadre intime, un accueil personnalis\u00e9, et des installations de qualit\u00e9 sont autant de facteurs qui participent \u00e0 la r\u00e9ussite de votre s\u00e9minaire.<\/p>\n<p><\/p>\n<p>En r\u00e9fl\u00e9chissant \u00e0 ces diff\u00e9rentes variables et en \u00e9valuant vos priorit\u00e9s, vous serez en mesure de d\u00e9cider quel h\u00e9bergement convient le mieux \u00e0 votre s\u00e9minaire d\u2019entreprise, pour une exp\u00e9rience \u00e0 la fois productive et m\u00e9morable.<\/p>\n<h2 id=\"faq\">FAQ<\/h2>\n<p><\/p>\n<h3>Quelle taille de groupe convient le mieux \u00e0 une chambre d\u2019h\u00f4tes pour un s\u00e9minaire ?<\/h3>\n<p><\/p>\n<p>Les chambres d\u2019h\u00f4tes conviennent particuli\u00e8rement aux groupes de petite \u00e0 moyenne taille. Cela permet de pr\u00e9server l\u2019aspect intimiste et de b\u00e9n\u00e9ficier d\u2019un service personnalis\u00e9.<\/p>\n<h3>Les chambres d\u2019h\u00f4tes disposent-elles de tout le mat\u00e9riel n\u00e9cessaire pour travailler ?<\/h3>\n<p><\/p>\n<p>De nombreuses chambres d\u2019h\u00f4tes d\u00e9di\u00e9es aux professionnels proposent des salles \u00e9quip\u00e9es (connexion Internet performante, vid\u00e9oprojecteur, tableau blanc) et des espaces propices aux ateliers et aux r\u00e9unions.<\/p>\n<h3>Quand privil\u00e9gier un h\u00f4tel avec salle de r\u00e9union ?<\/h3>\n<p><\/p>\n<p>Optez pour un h\u00f4tel si vous avez besoin d\u2019une infrastructure standardis\u00e9e, d\u2019un grand nombre de chambres sur place, ou de services centralis\u00e9s (restauration, conciergerie, \u00e9quipements sp\u00e9cifiques).<\/p>\n<h3>Comment choisir entre un cadre urbain et un environnement naturel ?<\/h3>\n<p><\/p>\n<p>Un environnement naturel favorise la d\u00e9tente, la cr\u00e9ativit\u00e9 et les \u00e9changes informels, tandis qu\u2019un cadre urbain peut \u00eatre plus pratique en termes d\u2019accessibilit\u00e9 et de logistique. Le choix d\u00e9pend de vos objectifs et de votre programme.<\/p>","protected":false},"excerpt":{"rendered":"<p>S\u00e9minaire d\u2019entreprise : faut-il choisir un h\u00f4tel ou notre chambre d\u2019h\u00f4tes ? Temps de lecture estim\u00e9 : 6 minutes Le [&hellip;]<\/p>\n","protected":false},"author":1,"featured_media":0,"comment_status":"closed","ping_status":"open","sticky":false,"template":"","format":"standard","meta":{"content-type":"","site-sidebar-layout":"default","site-content-layout":"","ast-site-content-layout":"default","site-content-style":"default","site-sidebar-style":"default","ast-global-header-display":"","ast-banner-title-visibility":"","ast-main-header-display":"","ast-hfb-above-header-display":"","ast-hfb-below-header-display":"","ast-hfb-mobile-header-display":"","site-post-title":"","ast-breadcrumbs-content":"","ast-featured-img":"","footer-sml-layout":"","ast-disable-related-posts":"","theme-transparent-header-meta":"","adv-header-id-meta":"","stick-header-meta":"","header-above-stick-meta":"","header-main-stick-meta":"","header-below-stick-meta":"","astra-migrate-meta-layouts":"default","ast-page-background-enabled":"default","ast-page-background-meta":{"desktop":{"background-color":"var(--ast-global-color-5)","background-image":"","background-repeat":"repeat","background-position":"center center","background-size":"auto","background-attachment":"scroll","background-type":"","background-media":"","overlay-type":"","overlay-color":"","overlay-opacity":"","overlay-gradient":""},"tablet":{"background-color":"","background-image":"","background-repeat":"repeat","background-position":"center center","background-size":"auto","background-attachment":"scroll","background-type":"","background-media":"","overlay-type":"","overlay-color":"","overlay-opacity":"","overlay-gradient":""},"mobile":{"background-color":"","background-image":"","background-repeat":"repeat","background-position":"center center","background-size":"auto","background-attachment":"scroll","background-type":"","background-media":"","overlay-type":"","overlay-color":"","overlay-opacity":"","overlay-gradient":""}},"ast-content-background-meta":{"desktop":{"background-color":"var(--ast-global-color-4)","background-image":"","background-repeat":"repeat","background-position":"center center","background-size":"auto","background-attachment":"scroll","background-type":"","background-media":"","overlay-type":"","overlay-color":"","overlay-opacity":"","overlay-gradient":""},"tablet":{"background-color":"var(--ast-global-color-4)","background-image":"","background-repeat":"repeat","background-position":"center center","background-size":"auto","background-attachment":"scroll","background-type":"","background-media":"","overlay-type":"","overlay-color":"","overlay-opacity":"","overlay-gradient":""},"mobile":{"background-color":"var(--ast-global-color-4)","background-image":"","background-repeat":"repeat","background-position":"center center","background-size":"auto","background-attachment":"scroll","background-type":"","background-media":"","overlay-type":"","overlay-color":"","overlay-opacity":"","overlay-gradient":""}},"footnotes":""},"categories":[1],"tags":[],"class_list":["post-621","post","type-post","status-publish","format-standard","hentry","category-uncategorized"],"yoast_head":"<!-- This site is optimized with the Yoast SEO plugin v27.3 - https:\/\/yoast.com\/product\/yoast-seo-wordpress\/ -->\n<title>S\u00e9minaire d\u2019entreprise : faut-il choisir un h\u00f4tel ou notre chambre d\u2019h\u00f4tes ? - La Maison du Po\u00ealon<\/title>\n<meta name=\"robots\" content=\"index, follow, max-snippet:-1, max-image-preview:large, max-video-preview:-1\" \/>\n<link rel=\"canonical\" href=\"https:\/\/lamaisondupoelon.fr\/en\/hebergement-pour-seminaire\/\" \/>\n<meta property=\"og:locale\" content=\"en_GB\" \/>\n<meta property=\"og:type\" content=\"article\" \/>\n<meta property=\"og:title\" content=\"S\u00e9minaire d\u2019entreprise : faut-il choisir un h\u00f4tel ou notre chambre d\u2019h\u00f4tes ? - La Maison du Po\u00ealon\" \/>\n<meta property=\"og:description\" content=\"S\u00e9minaire d\u2019entreprise : faut-il choisir un h\u00f4tel ou notre chambre d\u2019h\u00f4tes ? Temps de lecture estim\u00e9 : 6 minutes Le [&hellip;]\" \/>\n<meta property=\"og:url\" content=\"https:\/\/lamaisondupoelon.fr\/en\/hebergement-pour-seminaire\/\" \/>\n<meta property=\"og:site_name\" content=\"La Maison du Po\u00ealon\" \/>\n<meta property=\"article:published_time\" content=\"2025-10-26T16:02:25+00:00\" \/>\n<meta name=\"author\" content=\"Maxence\" \/>\n<meta name=\"twitter:card\" content=\"summary_large_image\" \/>\n<meta name=\"twitter:label1\" content=\"Written by\" \/>\n\t<meta name=\"twitter:data1\" content=\"Maxence\" \/>\n\t<meta name=\"twitter:label2\" content=\"Estimated reading time\" \/>\n\t<meta name=\"twitter:data2\" content=\"7 minutes\" \/>\n<script type=\"application\/ld+json\" class=\"yoast-schema-graph\">{\"@context\":\"https:\\\/\\\/schema.org\",\"@graph\":[{\"@type\":\"Article\",\"@id\":\"https:\\\/\\\/lamaisondupoelon.fr\\\/hebergement-pour-seminaire\\\/#article\",\"isPartOf\":{\"@id\":\"https:\\\/\\\/lamaisondupoelon.fr\\\/hebergement-pour-seminaire\\\/\"},\"author\":{\"name\":\"Maxence\",\"@id\":\"https:\\\/\\\/lamaisondupoelon.fr\\\/#\\\/schema\\\/person\\\/dd5b2aaab0df3b5d072bfb624d2b5b11\"},\"headline\":\"S\u00e9minaire d\u2019entreprise : faut-il choisir un h\u00f4tel ou notre chambre d\u2019h\u00f4tes ?\",\"datePublished\":\"2025-10-26T16:02:25+00:00\",\"mainEntityOfPage\":{\"@id\":\"https:\\\/\\\/lamaisondupoelon.fr\\\/hebergement-pour-seminaire\\\/\"},\"wordCount\":1367,\"publisher\":{\"@id\":\"https:\\\/\\\/lamaisondupoelon.fr\\\/#organization\"},\"articleSection\":[\"Uncategorized\"],\"inLanguage\":\"en-GB\"},{\"@type\":\"WebPage\",\"@id\":\"https:\\\/\\\/lamaisondupoelon.fr\\\/hebergement-pour-seminaire\\\/\",\"url\":\"https:\\\/\\\/lamaisondupoelon.fr\\\/hebergement-pour-seminaire\\\/\",\"name\":\"S\u00e9minaire d\u2019entreprise : faut-il choisir un h\u00f4tel ou notre chambre d\u2019h\u00f4tes ? - La Maison du Po\u00ealon\",\"isPartOf\":{\"@id\":\"https:\\\/\\\/lamaisondupoelon.fr\\\/#website\"},\"datePublished\":\"2025-10-26T16:02:25+00:00\",\"breadcrumb\":{\"@id\":\"https:\\\/\\\/lamaisondupoelon.fr\\\/hebergement-pour-seminaire\\\/#breadcrumb\"},\"inLanguage\":\"en-GB\",\"potentialAction\":[{\"@type\":\"ReadAction\",\"target\":[\"https:\\\/\\\/lamaisondupoelon.fr\\\/hebergement-pour-seminaire\\\/\"]}]},{\"@type\":\"BreadcrumbList\",\"@id\":\"https:\\\/\\\/lamaisondupoelon.fr\\\/hebergement-pour-seminaire\\\/#breadcrumb\",\"itemListElement\":[{\"@type\":\"ListItem\",\"position\":1,\"name\":\"Accueil\",\"item\":\"https:\\\/\\\/lamaisondupoelon.fr\\\/\"},{\"@type\":\"ListItem\",\"position\":2,\"name\":\"S\u00e9minaire d\u2019entreprise : faut-il choisir un h\u00f4tel ou notre chambre d\u2019h\u00f4tes ?\"}]},{\"@type\":\"WebSite\",\"@id\":\"https:\\\/\\\/lamaisondupoelon.fr\\\/#website\",\"url\":\"https:\\\/\\\/lamaisondupoelon.fr\\\/\",\"name\":\"La Maison du Po\u00ealon\",\"description\":\"CHAMBRE D\u2019H\u00d4TES\",\"publisher\":{\"@id\":\"https:\\\/\\\/lamaisondupoelon.fr\\\/#organization\"},\"potentialAction\":[{\"@type\":\"SearchAction\",\"target\":{\"@type\":\"EntryPoint\",\"urlTemplate\":\"https:\\\/\\\/lamaisondupoelon.fr\\\/?s={search_term_string}\"},\"query-input\":{\"@type\":\"PropertyValueSpecification\",\"valueRequired\":true,\"valueName\":\"search_term_string\"}}],\"inLanguage\":\"en-GB\"},{\"@type\":\"Organization\",\"@id\":\"https:\\\/\\\/lamaisondupoelon.fr\\\/#organization\",\"name\":\"La Maison du Po\u00ealon\",\"url\":\"https:\\\/\\\/lamaisondupoelon.fr\\\/\",\"logo\":{\"@type\":\"ImageObject\",\"inLanguage\":\"en-GB\",\"@id\":\"https:\\\/\\\/lamaisondupoelon.fr\\\/#\\\/schema\\\/logo\\\/image\\\/\",\"url\":\"https:\\\/\\\/lamaisondupoelon.fr\\\/wp-content\\\/uploads\\\/2025\\\/08\\\/cropped-ChatGPT-Image-1-aout-2025-18_38_42.png\",\"contentUrl\":\"https:\\\/\\\/lamaisondupoelon.fr\\\/wp-content\\\/uploads\\\/2025\\\/08\\\/cropped-ChatGPT-Image-1-aout-2025-18_38_42.png\",\"width\":1023,\"height\":1023,\"caption\":\"La Maison du Po\u00ealon\"},\"image\":{\"@id\":\"https:\\\/\\\/lamaisondupoelon.fr\\\/#\\\/schema\\\/logo\\\/image\\\/\"}},{\"@type\":\"Person\",\"@id\":\"https:\\\/\\\/lamaisondupoelon.fr\\\/#\\\/schema\\\/person\\\/dd5b2aaab0df3b5d072bfb624d2b5b11\",\"name\":\"Maxence\",\"image\":{\"@type\":\"ImageObject\",\"inLanguage\":\"en-GB\",\"@id\":\"https:\\\/\\\/lamaisondupoelon.fr\\\/wp-content\\\/litespeed\\\/avatar\\\/5005290cf9cd0d1dce03b7964cc5832f.jpg?ver=1777424986\",\"url\":\"https:\\\/\\\/lamaisondupoelon.fr\\\/wp-content\\\/litespeed\\\/avatar\\\/5005290cf9cd0d1dce03b7964cc5832f.jpg?ver=1777424986\",\"contentUrl\":\"https:\\\/\\\/lamaisondupoelon.fr\\\/wp-content\\\/litespeed\\\/avatar\\\/5005290cf9cd0d1dce03b7964cc5832f.jpg?ver=1777424986\",\"caption\":\"Maxence\"},\"sameAs\":[\"https:\\\/\\\/lamaisondupoelon.fr\"],\"url\":\"https:\\\/\\\/lamaisondupoelon.fr\\\/en\\\/author\\\/maxence-meynielmey-agence-com\\\/\"}]}<\/script>\n<!-- \/ Yoast SEO plugin. -->","yoast_head_json":{"title":"S\u00e9minaire d\u2019entreprise : faut-il choisir un h\u00f4tel ou notre chambre d\u2019h\u00f4tes ? - La Maison du Po\u00ealon","robots":{"index":"index","follow":"follow","max-snippet":"max-snippet:-1","max-image-preview":"max-image-preview:large","max-video-preview":"max-video-preview:-1"},"canonical":"https:\/\/lamaisondupoelon.fr\/en\/hebergement-pour-seminaire\/","og_locale":"en_GB","og_type":"article","og_title":"S\u00e9minaire d\u2019entreprise : faut-il choisir un h\u00f4tel ou notre chambre d\u2019h\u00f4tes ? - La Maison du Po\u00ealon","og_description":"S\u00e9minaire d\u2019entreprise : faut-il choisir un h\u00f4tel ou notre chambre d\u2019h\u00f4tes ? Temps de lecture estim\u00e9 : 6 minutes Le [&hellip;]","og_url":"https:\/\/lamaisondupoelon.fr\/en\/hebergement-pour-seminaire\/","og_site_name":"La Maison du Po\u00ealon","article_published_time":"2025-10-26T16:02:25+00:00","author":"Maxence","twitter_card":"summary_large_image","twitter_misc":{"Written by":"Maxence","Estimated reading time":"7 minutes"},"schema":{"@context":"https:\/\/schema.org","@graph":[{"@type":"Article","@id":"https:\/\/lamaisondupoelon.fr\/hebergement-pour-seminaire\/#article","isPartOf":{"@id":"https:\/\/lamaisondupoelon.fr\/hebergement-pour-seminaire\/"},"author":{"name":"Maxence","@id":"https:\/\/lamaisondupoelon.fr\/#\/schema\/person\/dd5b2aaab0df3b5d072bfb624d2b5b11"},"headline":"S\u00e9minaire d\u2019entreprise : faut-il choisir un h\u00f4tel ou notre chambre d\u2019h\u00f4tes ?","datePublished":"2025-10-26T16:02:25+00:00","mainEntityOfPage":{"@id":"https:\/\/lamaisondupoelon.fr\/hebergement-pour-seminaire\/"},"wordCount":1367,"publisher":{"@id":"https:\/\/lamaisondupoelon.fr\/#organization"},"articleSection":["Uncategorized"],"inLanguage":"en-GB"},{"@type":"WebPage","@id":"https:\/\/lamaisondupoelon.fr\/hebergement-pour-seminaire\/","url":"https:\/\/lamaisondupoelon.fr\/hebergement-pour-seminaire\/","name":"S\u00e9minaire d\u2019entreprise : faut-il choisir un h\u00f4tel ou notre chambre d\u2019h\u00f4tes ? - La Maison du Po\u00ealon","isPartOf":{"@id":"https:\/\/lamaisondupoelon.fr\/#website"},"datePublished":"2025-10-26T16:02:25+00:00","breadcrumb":{"@id":"https:\/\/lamaisondupoelon.fr\/hebergement-pour-seminaire\/#breadcrumb"},"inLanguage":"en-GB","potentialAction":[{"@type":"ReadAction","target":["https:\/\/lamaisondupoelon.fr\/hebergement-pour-seminaire\/"]}]},{"@type":"BreadcrumbList","@id":"https:\/\/lamaisondupoelon.fr\/hebergement-pour-seminaire\/#breadcrumb","itemListElement":[{"@type":"ListItem","position":1,"name":"Accueil","item":"https:\/\/lamaisondupoelon.fr\/"},{"@type":"ListItem","position":2,"name":"S\u00e9minaire d\u2019entreprise : faut-il choisir un h\u00f4tel ou notre chambre d\u2019h\u00f4tes ?"}]},{"@type":"WebSite","@id":"https:\/\/lamaisondupoelon.fr\/#website","url":"https:\/\/lamaisondupoelon.fr\/","name":"La Maison du Po\u00ealon","description":"CHAMBRE D\u2019H\u00d4TES","publisher":{"@id":"https:\/\/lamaisondupoelon.fr\/#organization"},"potentialAction":[{"@type":"SearchAction","target":{"@type":"EntryPoint","urlTemplate":"https:\/\/lamaisondupoelon.fr\/?s={search_term_string}"},"query-input":{"@type":"PropertyValueSpecification","valueRequired":true,"valueName":"search_term_string"}}],"inLanguage":"en-GB"},{"@type":"Organization","@id":"https:\/\/lamaisondupoelon.fr\/#organization","name":"La Maison du Po\u00ealon","url":"https:\/\/lamaisondupoelon.fr\/","logo":{"@type":"ImageObject","inLanguage":"en-GB","@id":"https:\/\/lamaisondupoelon.fr\/#\/schema\/logo\/image\/","url":"https:\/\/lamaisondupoelon.fr\/wp-content\/uploads\/2025\/08\/cropped-ChatGPT-Image-1-aout-2025-18_38_42.png","contentUrl":"https:\/\/lamaisondupoelon.fr\/wp-content\/uploads\/2025\/08\/cropped-ChatGPT-Image-1-aout-2025-18_38_42.png","width":1023,"height":1023,"caption":"La Maison du Po\u00ealon"},"image":{"@id":"https:\/\/lamaisondupoelon.fr\/#\/schema\/logo\/image\/"}},{"@type":"Person","@id":"https:\/\/lamaisondupoelon.fr\/#\/schema\/person\/dd5b2aaab0df3b5d072bfb624d2b5b11","name":"Maxence","image":{"@type":"ImageObject","inLanguage":"en-GB","@id":"https:\/\/lamaisondupoelon.fr\/wp-content\/litespeed\/avatar\/5005290cf9cd0d1dce03b7964cc5832f.jpg?ver=1777424986","url":"https:\/\/lamaisondupoelon.fr\/wp-content\/litespeed\/avatar\/5005290cf9cd0d1dce03b7964cc5832f.jpg?ver=1777424986","contentUrl":"https:\/\/lamaisondupoelon.fr\/wp-content\/litespeed\/avatar\/5005290cf9cd0d1dce03b7964cc5832f.jpg?ver=1777424986","caption":"Maxence"},"sameAs":["https:\/\/lamaisondupoelon.fr"],"url":"https:\/\/lamaisondupoelon.fr\/en\/author\/maxence-meynielmey-agence-com\/"}]}},"_links":{"self":[{"href":"https:\/\/lamaisondupoelon.fr\/en\/wp-json\/wp\/v2\/posts\/621","targetHints":{"allow":["GET"]}}],"collection":[{"href":"https:\/\/lamaisondupoelon.fr\/en\/wp-json\/wp\/v2\/posts"}],"about":[{"href":"https:\/\/lamaisondupoelon.fr\/en\/wp-json\/wp\/v2\/types\/post"}],"author":[{"embeddable":true,"href":"https:\/\/lamaisondupoelon.fr\/en\/wp-json\/wp\/v2\/users\/1"}],"replies":[{"embeddable":true,"href":"https:\/\/lamaisondupoelon.fr\/en\/wp-json\/wp\/v2\/comments?post=621"}],"version-history":[{"count":0,"href":"https:\/\/lamaisondupoelon.fr\/en\/wp-json\/wp\/v2\/posts\/621\/revisions"}],"wp:attachment":[{"href":"https:\/\/lamaisondupoelon.fr\/en\/wp-json\/wp\/v2\/media?parent=621"}],"wp:term":[{"taxonomy":"category","embeddable":true,"href":"https:\/\/lamaisondupoelon.fr\/en\/wp-json\/wp\/v2\/categories?post=621"},{"taxonomy":"post_tag","embeddable":true,"href":"https:\/\/lamaisondupoelon.fr\/en\/wp-json\/wp\/v2\/tags?post=621"}],"curies":[{"name":"wp","href":"https:\/\/api.w.org\/{rel}","templated":true}]}}