{"id":629,"date":"2025-10-28T17:03:12","date_gmt":"2025-10-28T17:03:12","guid":{"rendered":"https:\/\/lamaisondupoelon.fr\/hebergement-pour-teletravailleur\/"},"modified":"2025-10-28T17:03:12","modified_gmt":"2025-10-28T17:03:12","slug":"hebergement-pour-teletravailleur","status":"publish","type":"post","link":"https:\/\/lamaisondupoelon.fr\/en\/hebergement-pour-teletravailleur\/","title":{"rendered":"T\u00e9l\u00e9travail et voyages d\u2019affaires : o\u00f9 trouver un h\u00e9bergement adapt\u00e9 ?"},"content":{"rendered":"<p><img decoding=\"async\" src=\"\" alt=\"Cover Image\" \/><\/p>\n<h1>T\u00e9l\u00e9travail et voyages d\u2019affaires : o\u00f9 trouver un h\u00e9bergement adapt\u00e9 ?<\/h1>\n<p><\/p>\n<p>Temps de lecture estim\u00e9 : 5 minutes<\/p>\n<h2>Points cl\u00e9s<\/h2>\n<p><\/p>\n<ul>  <\/p>\n<li><strong>Le t\u00e9l\u00e9travail<\/strong> transforme les d\u00e9placements professionnels et impose des <em>h\u00e9bergements confortables et fonctionnels<\/em>.<\/li>\n<p>  <\/p>\n<li>\u00c0 proximit\u00e9 de <strong>Toulouse<\/strong>, les <em><a href=\"https:\/\/fr.wikipedia.org\/wiki\/Chambre_d%27h%C3%B4tes\">chambres d\u2019h\u00f4tes<\/a> haut de gamme<\/em> avec espaces de travail d\u00e9di\u00e9s deviennent des adresses pris\u00e9es.<\/li>\n<p>  <\/p>\n<li>Un cadre adapt\u00e9 stimule la <strong>productivit\u00e9<\/strong> : calme, <em><a href=\"https:\/\/fr.wikipedia.org\/wiki\/Wi-Fi\">WiFi haut d\u00e9bit<\/a><\/em>, bureaux, salle de r\u00e9union et accueil chaleureux.<\/li>\n<p>  <\/p>\n<li><strong>La Maison du Po\u00ealon<\/strong> propose des espaces de coworking, des services sur mesure et un environnement propice \u00e0 la cr\u00e9ativit\u00e9.<\/li>\n<p>  <\/p>\n<li>R\u00e9server un h\u00e9bergement pens\u00e9 pour les pros permet d\u2019<em>allier efficacit\u00e9 et d\u00e9tente<\/em> lors des voyages d\u2019affaires.<\/li>\n<p><\/ul>\n<h2>Table des mati\u00e8res<\/h2>\n<p><\/p>\n<ul>  <\/p>\n<li><a href=\"#nouvelle-tendance-teletravail\">La nouvelle tendance du t\u00e9l\u00e9travail<\/a><\/li>\n<p>  <\/p>\n<li><a href=\"#interet-cadre-adapte\">Int\u00e9r\u00eat : L\u2019importance d\u2019un cadre adapt\u00e9<\/a><\/li>\n<p>  <\/p>\n<li><a href=\"#imaginez-sejour-parfait\">Imaginez votre s\u00e9jour parfait<\/a><\/li>\n<p>  <\/p>\n<li><a href=\"#reservez-des-maintenant\">R\u00e9servez d\u00e8s maintenant votre s\u00e9jour<\/a><\/li>\n<p>  <\/p>\n<li><a href=\"#conclusion\">Conclusion : La r\u00e9volution du t\u00e9l\u00e9travail dans un cadre distingu\u00e9<\/a><\/li>\n<p>  <\/p>\n<li><a href=\"#faq\">FAQ<\/a><\/li>\n<p><\/ul>\n<p><strong>T\u00e9l\u00e9travail et voyages d\u2019affaires : o\u00f9 trouver un h\u00e9bergement adapt\u00e9 ?<\/strong><\/p>\n<h2 id=\"nouvelle-tendance-teletravail\">La nouvelle tendance du t\u00e9l\u00e9travail<\/h2>\n<p><\/p>\n<p>Le <a href=\"https:\/\/fr.wikipedia.org\/wiki\/T%C3%A9l%C3%A9travail\">t\u00e9l\u00e9travail<\/a> s&rsquo;est d\u00e9mocratis\u00e9, transformant la mani\u00e8re dont les professionnels abordent leurs d\u00e9placements. <em>Fini le temps o\u00f9 les s\u00e9jours en d\u00e9placement professionnel rimaient avec un h\u00e9bergement triste et impersonnel.<\/em> Aujourd&rsquo;hui, il est essentiel de trouver un h\u00e9bergement pour t\u00e9l\u00e9travailleur qui soit \u00e0 la fois confortable et fonctionnel.<\/p>\n<p><\/p>\n<p>Si vous voyagez \u00e0 <a href=\"https:\/\/fr.wikipedia.org\/wiki\/Toulouse\">Toulouse<\/a> ou dans ses environs, vous pouvez tirer parti de l&rsquo;\u00e9mergence des chambres d\u2019h\u00f4tes haut de gamme offrant des logements avec espace <a href=\"https:\/\/fr.wikipedia.org\/wiki\/Coworking\">coworking<\/a>. Ces lieux deviennent les nouvelles adresses pris\u00e9es pour allier travail et d\u00e9tente.<\/p>\n<h2 id=\"interet-cadre-adapte\">Int\u00e9r\u00eat : L\u2019importance d\u2019un cadre adapt\u00e9<\/h2>\n<p><\/p>\n<p>Choisir le bon h\u00e9bergement n&rsquo;est pas qu&rsquo;une question de confort. Un espace de travail bien pens\u00e9 peut influencer votre productivit\u00e9 et votre bien-\u00eatre. Les chambres d\u2019h\u00f4tes, comme La Maison du Po\u00ealon, se distinguent par leur capacit\u00e9 \u00e0 offrir :<\/p>\n<p><\/p>\n<ul>  <\/p>\n<li><strong>Un cadre apaisant<\/strong> : Un environnement calme est essentiel pour se concentrer sur ses t\u00e2ches sans distractions.<\/li>\n<p>  <\/p>\n<li><strong>Des \u00e9quipements modernes<\/strong> : WiFi haut d\u00e9bit, bureaux bien am\u00e9nag\u00e9s, et une salle de r\u00e9union toute \u00e9quip\u00e9e.<\/li>\n<p>  <\/p>\n<li><strong>Un accueil chaleureux<\/strong> : L&rsquo;hospitalit\u00e9 d\u2019un propri\u00e9taire attentif fait toute la diff\u00e9rence. Les repas faits maison et une ambiance conviviale permettent un retour \u00e0 la s\u00e9r\u00e9nit\u00e9 apr\u00e8s une longue journ\u00e9e de travail.<\/li>\n<p><\/ul>\n<p><\/p>\n<p><strong>La Maison du Po\u00ealon coche toutes ces cases.<\/strong> Situ\u00e9e \u00e0 proximit\u00e9 de Toulouse, elle se pr\u00e9sente comme la maison d\u2019h\u00f4tes id\u00e9ale pour t\u00e9l\u00e9travailleur, un v\u00e9ritable havre de paix pour les professionnels.<\/p>\n<h2 id=\"imaginez-sejour-parfait\">Imaginez votre s\u00e9jour parfait<\/h2>\n<p><\/p>\n<p><em>Pensez \u00e0 vos prochaines escapades professionnelles<\/em> : imaginez un espace o\u00f9 vous pouvez travailler dans le confort d\u2019une chambre au d\u00e9cor raffin\u00e9, savourant une tasse de caf\u00e9 bien chaud tout en ayant une vue sur un jardin paisible.<\/p>\n<p><\/p>\n<p>Dans un tel cadre, chaque vous r\u00e9union devient plus agr\u00e9able. Avec La Maison du Po\u00ealon, vous n&rsquo;avez pas seulement un lit pour la nuit ; vous avez acc\u00e8s \u00e0 :<\/p>\n<p><\/p>\n<ul>  <\/p>\n<li><strong>Des espaces de coworking d\u00e9di\u00e9s<\/strong> : Les diff\u00e9rents coins de travail vous permettent de choisir votre ambiance, que ce soit dans un bureau privatif ou dans un salon partag\u00e9.<\/li>\n<p>  <\/p>\n<li><strong>Des services sur mesure<\/strong> : Organisez vos d\u00e9placements avec facilit\u00e9 gr\u00e2ce \u00e0 un service personnalis\u00e9, adapt\u00e9 \u00e0 vos besoins professionnels.<\/li>\n<p>  <\/p>\n<li><strong>Des activit\u00e9s relaxantes<\/strong> : Apr\u00e8s une journ\u00e9e de travail, pourquoi ne pas profiter d&rsquo;une promenade dans les environs ou d&rsquo;un bon repas au sein de la maison ?<\/li>\n<p><\/ul>\n<p><\/p>\n<p>Ce cadre inspirant favorise la cr\u00e9ativit\u00e9, le tout en restant proche des entreprises locales pour vos r\u00e9unions d&rsquo;affaires.<\/p>\n<h2 id=\"reservez-des-maintenant\">R\u00e9servez d\u00e8s maintenant votre s\u00e9jour<\/h2>\n<p><\/p>\n<blockquote><p>  <\/p>\n<p>Ne laissez pas le choix de votre h\u00e9bergement au hasard ! Optez pour une exp\u00e9rience qui allie confort et efficacit\u00e9 professionnelle.<\/p>\n<p><\/p><\/blockquote>\n<p><\/p>\n<p>R\u00e9servez d\u00e8s maintenant votre s\u00e9jour \u00e0 La Maison du Po\u00ealon et d\u00e9couvrez pourquoi elle est l\u2019adresse incontournable pour tous les t\u00e9l\u00e9travailleurs. Que vous soyez un entrepreneur en qu\u00eate d\u2019un lieu pour travailler ou une entreprise locale cherchant \u00e0 organiser ses s\u00e9minaires, vous trouverez ici tout ce dont vous avez besoin pour un s\u00e9jour r\u00e9ussi.<\/p>\n<p><\/p>\n<p>Visitez notre site internet ou contactez-nous directement pour conna\u00eetre nos offres sp\u00e9ciales pour groupes ou nos services adapt\u00e9s. N&rsquo;attendez plus, la productivit\u00e9 et le confort sont \u00e0 port\u00e9e de main dans la chambre d\u2019h\u00f4tes id\u00e9ale pour t\u00e9l\u00e9travailleur proche de Toulouse !<\/p>\n<h2 id=\"conclusion\">Conclusion : La r\u00e9volution du t\u00e9l\u00e9travail dans un cadre distingu\u00e9<\/h2>\n<p><\/p>\n<p>Le <a href=\"https:\/\/www.service-public.fr\/particuliers\/vosdroits\/F13858\">t\u00e9l\u00e9travail<\/a> offre une flexibilit\u00e9 in\u00e9dite qui ne doit pas se faire au d\u00e9triment de la qualit\u00e9 de votre s\u00e9jour. En choisissant un h\u00e9bergement adapt\u00e9, comme la Maison du Po\u00ealon, vous assurez non seulement un confort de travail, mais \u00e9galement une exp\u00e9rience enrichissante qui vous fera appr\u00e9cier vos d\u00e9placements professionnels.<\/p>\n<p><\/p>\n<p>Alors, qu&rsquo;attendez-vous pour sauter le pas ? Transformez vos prochains <a href=\"https:\/\/fr.wikipedia.org\/wiki\/Voyage_d%27affaires\">voyages d\u2019affaires<\/a> en v\u00e9ritables moments de productivit\u00e9 authentiques et m\u00e9morables !<\/p>\n<h2 id=\"faq\">FAQ<\/h2>\n<p><\/p>\n<h3>Quels \u00e9quipements sont indispensables pour un h\u00e9bergement adapt\u00e9 au t\u00e9l\u00e9travail ?<\/h3>\n<p><\/p>\n<p>Un WiFi haut d\u00e9bit fiable, un bureau ergonomique, des prises accessibles, un bon \u00e9clairage, ainsi qu\u2019un espace calme pour passer des appels et visioconf\u00e9rences.<\/p>\n<h3>Pourquoi choisir une chambre d\u2019h\u00f4tes plut\u00f4t qu\u2019un h\u00f4tel classique pour travailler ?<\/h3>\n<p><\/p>\n<p>Les chambres d\u2019h\u00f4tes offrent souvent un cadre plus chaleureux, des espaces communs calmes, des \u00e9changes humains et des services personnalis\u00e9s qui favorisent la concentration et le bien-\u00eatre.<\/p>\n<h3>Un espace de coworking sur place est-il vraiment utile ?<\/h3>\n<p><\/p>\n<p>Oui, il permet d\u2019alterner entre travail en chambre et collaboration ponctuelle, de b\u00e9n\u00e9ficier d\u2019un cadre professionnel et de salles de r\u00e9union, tout en restant proche de son h\u00e9bergement.<\/p>\n<h3>Comment optimiser sa productivit\u00e9 en d\u00e9placement professionnel ?<\/h3>\n<p><\/p>\n<p>Planifiez vos t\u00e2ches, d\u00e9finissez des plages de concentration, utilisez des outils de visioconf\u00e9rence et choisissez un h\u00e9bergement proposant un environnement calme et des services adapt\u00e9s.<\/p>","protected":false},"excerpt":{"rendered":"<p>T\u00e9l\u00e9travail et voyages d\u2019affaires : o\u00f9 trouver un h\u00e9bergement adapt\u00e9 ? Temps de lecture estim\u00e9 : 5 minutes Points cl\u00e9s [&hellip;]<\/p>\n","protected":false},"author":1,"featured_media":0,"comment_status":"closed","ping_status":"open","sticky":false,"template":"","format":"standard","meta":{"content-type":"","site-sidebar-layout":"default","site-content-layout":"","ast-site-content-layout":"default","site-content-style":"default","site-sidebar-style":"default","ast-global-header-display":"","ast-banner-title-visibility":"","ast-main-header-display":"","ast-hfb-above-header-display":"","ast-hfb-below-header-display":"","ast-hfb-mobile-header-display":"","site-post-title":"","ast-breadcrumbs-content":"","ast-featured-img":"","footer-sml-layout":"","ast-disable-related-posts":"","theme-transparent-header-meta":"","adv-header-id-meta":"","stick-header-meta":"","header-above-stick-meta":"","header-main-stick-meta":"","header-below-stick-meta":"","astra-migrate-meta-layouts":"default","ast-page-background-enabled":"default","ast-page-background-meta":{"desktop":{"background-color":"var(--ast-global-color-5)","background-image":"","background-repeat":"repeat","background-position":"center center","background-size":"auto","background-attachment":"scroll","background-type":"","background-media":"","overlay-type":"","overlay-color":"","overlay-opacity":"","overlay-gradient":""},"tablet":{"background-color":"","background-image":"","background-repeat":"repeat","background-position":"center center","background-size":"auto","background-attachment":"scroll","background-type":"","background-media":"","overlay-type":"","overlay-color":"","overlay-opacity":"","overlay-gradient":""},"mobile":{"background-color":"","background-image":"","background-repeat":"repeat","background-position":"center center","background-size":"auto","background-attachment":"scroll","background-type":"","background-media":"","overlay-type":"","overlay-color":"","overlay-opacity":"","overlay-gradient":""}},"ast-content-background-meta":{"desktop":{"background-color":"var(--ast-global-color-4)","background-image":"","background-repeat":"repeat","background-position":"center center","background-size":"auto","background-attachment":"scroll","background-type":"","background-media":"","overlay-type":"","overlay-color":"","overlay-opacity":"","overlay-gradient":""},"tablet":{"background-color":"var(--ast-global-color-4)","background-image":"","background-repeat":"repeat","background-position":"center center","background-size":"auto","background-attachment":"scroll","background-type":"","background-media":"","overlay-type":"","overlay-color":"","overlay-opacity":"","overlay-gradient":""},"mobile":{"background-color":"var(--ast-global-color-4)","background-image":"","background-repeat":"repeat","background-position":"center center","background-size":"auto","background-attachment":"scroll","background-type":"","background-media":"","overlay-type":"","overlay-color":"","overlay-opacity":"","overlay-gradient":""}},"footnotes":""},"categories":[1],"tags":[],"class_list":["post-629","post","type-post","status-publish","format-standard","hentry","category-uncategorized"],"yoast_head":"<!-- This site is optimized with the Yoast SEO plugin v28.1 - https:\/\/yoast.com\/product\/yoast-seo-wordpress\/ -->\n<title>T\u00e9l\u00e9travail et voyages d\u2019affaires : o\u00f9 trouver un h\u00e9bergement adapt\u00e9 ? - La Maison du Po\u00ealon<\/title>\n<meta name=\"robots\" content=\"index, follow, max-snippet:-1, max-image-preview:large, max-video-preview:-1\" \/>\n<link rel=\"canonical\" href=\"https:\/\/lamaisondupoelon.fr\/en\/hebergement-pour-teletravailleur\/\" \/>\n<meta property=\"og:locale\" content=\"en_GB\" \/>\n<meta property=\"og:type\" content=\"article\" \/>\n<meta property=\"og:title\" content=\"T\u00e9l\u00e9travail et voyages d\u2019affaires : o\u00f9 trouver un h\u00e9bergement adapt\u00e9 ? - La Maison du Po\u00ealon\" \/>\n<meta property=\"og:description\" content=\"T\u00e9l\u00e9travail et voyages d\u2019affaires : o\u00f9 trouver un h\u00e9bergement adapt\u00e9 ? Temps de lecture estim\u00e9 : 5 minutes Points cl\u00e9s [&hellip;]\" \/>\n<meta property=\"og:url\" content=\"https:\/\/lamaisondupoelon.fr\/en\/hebergement-pour-teletravailleur\/\" \/>\n<meta property=\"og:site_name\" content=\"La Maison du Po\u00ealon\" \/>\n<meta property=\"article:published_time\" content=\"2025-10-28T17:03:12+00:00\" \/>\n<meta name=\"author\" content=\"Maxence\" \/>\n<meta name=\"twitter:card\" content=\"summary_large_image\" \/>\n<meta name=\"twitter:label1\" content=\"Written by\" \/>\n\t<meta name=\"twitter:data1\" content=\"Maxence\" \/>\n\t<meta name=\"twitter:label2\" content=\"Estimated reading time\" \/>\n\t<meta name=\"twitter:data2\" content=\"5 minutes\" \/>\n<script type=\"application\/ld+json\" class=\"yoast-schema-graph\">{\"@context\":\"https:\\\/\\\/schema.org\",\"@graph\":[{\"@type\":\"Article\",\"@id\":\"https:\\\/\\\/lamaisondupoelon.fr\\\/hebergement-pour-teletravailleur\\\/#article\",\"isPartOf\":{\"@id\":\"https:\\\/\\\/lamaisondupoelon.fr\\\/hebergement-pour-teletravailleur\\\/\"},\"author\":{\"name\":\"Maxence\",\"@id\":\"https:\\\/\\\/lamaisondupoelon.fr\\\/#\\\/schema\\\/person\\\/dd5b2aaab0df3b5d072bfb624d2b5b11\"},\"headline\":\"T\u00e9l\u00e9travail et voyages d\u2019affaires : o\u00f9 trouver un h\u00e9bergement adapt\u00e9 ?\",\"datePublished\":\"2025-10-28T17:03:12+00:00\",\"mainEntityOfPage\":{\"@id\":\"https:\\\/\\\/lamaisondupoelon.fr\\\/hebergement-pour-teletravailleur\\\/\"},\"wordCount\":1056,\"publisher\":{\"@id\":\"https:\\\/\\\/lamaisondupoelon.fr\\\/#organization\"},\"articleSection\":[\"Uncategorized\"],\"inLanguage\":\"en-GB\"},{\"@type\":\"WebPage\",\"@id\":\"https:\\\/\\\/lamaisondupoelon.fr\\\/hebergement-pour-teletravailleur\\\/\",\"url\":\"https:\\\/\\\/lamaisondupoelon.fr\\\/hebergement-pour-teletravailleur\\\/\",\"name\":\"T\u00e9l\u00e9travail et voyages d\u2019affaires : o\u00f9 trouver un h\u00e9bergement adapt\u00e9 ? - La Maison du Po\u00ealon\",\"isPartOf\":{\"@id\":\"https:\\\/\\\/lamaisondupoelon.fr\\\/#website\"},\"datePublished\":\"2025-10-28T17:03:12+00:00\",\"breadcrumb\":{\"@id\":\"https:\\\/\\\/lamaisondupoelon.fr\\\/hebergement-pour-teletravailleur\\\/#breadcrumb\"},\"inLanguage\":\"en-GB\",\"potentialAction\":[{\"@type\":\"ReadAction\",\"target\":[\"https:\\\/\\\/lamaisondupoelon.fr\\\/hebergement-pour-teletravailleur\\\/\"]}]},{\"@type\":\"BreadcrumbList\",\"@id\":\"https:\\\/\\\/lamaisondupoelon.fr\\\/hebergement-pour-teletravailleur\\\/#breadcrumb\",\"itemListElement\":[{\"@type\":\"ListItem\",\"position\":1,\"name\":\"Accueil\",\"item\":\"https:\\\/\\\/lamaisondupoelon.fr\\\/\"},{\"@type\":\"ListItem\",\"position\":2,\"name\":\"T\u00e9l\u00e9travail et voyages d\u2019affaires : o\u00f9 trouver un h\u00e9bergement adapt\u00e9 ?\"}]},{\"@type\":\"WebSite\",\"@id\":\"https:\\\/\\\/lamaisondupoelon.fr\\\/#website\",\"url\":\"https:\\\/\\\/lamaisondupoelon.fr\\\/\",\"name\":\"La Maison du Po\u00ealon\",\"description\":\"CHAMBRE D\u2019H\u00d4TES\",\"publisher\":{\"@id\":\"https:\\\/\\\/lamaisondupoelon.fr\\\/#organization\"},\"potentialAction\":[{\"@type\":\"SearchAction\",\"target\":{\"@type\":\"EntryPoint\",\"urlTemplate\":\"https:\\\/\\\/lamaisondupoelon.fr\\\/?s={search_term_string}\"},\"query-input\":{\"@type\":\"PropertyValueSpecification\",\"valueRequired\":true,\"valueName\":\"search_term_string\"}}],\"inLanguage\":\"en-GB\"},{\"@type\":\"Organization\",\"@id\":\"https:\\\/\\\/lamaisondupoelon.fr\\\/#organization\",\"name\":\"La Maison du Po\u00ealon\",\"url\":\"https:\\\/\\\/lamaisondupoelon.fr\\\/\",\"logo\":{\"@type\":\"ImageObject\",\"inLanguage\":\"en-GB\",\"@id\":\"https:\\\/\\\/lamaisondupoelon.fr\\\/#\\\/schema\\\/logo\\\/image\\\/\",\"url\":\"https:\\\/\\\/lamaisondupoelon.fr\\\/wp-content\\\/uploads\\\/2025\\\/08\\\/cropped-ChatGPT-Image-1-aout-2025-18_38_42.png\",\"contentUrl\":\"https:\\\/\\\/lamaisondupoelon.fr\\\/wp-content\\\/uploads\\\/2025\\\/08\\\/cropped-ChatGPT-Image-1-aout-2025-18_38_42.png\",\"width\":1023,\"height\":1023,\"caption\":\"La Maison du Po\u00ealon\"},\"image\":{\"@id\":\"https:\\\/\\\/lamaisondupoelon.fr\\\/#\\\/schema\\\/logo\\\/image\\\/\"}},{\"@type\":\"Person\",\"@id\":\"https:\\\/\\\/lamaisondupoelon.fr\\\/#\\\/schema\\\/person\\\/dd5b2aaab0df3b5d072bfb624d2b5b11\",\"name\":\"Maxence\",\"image\":{\"@type\":\"ImageObject\",\"inLanguage\":\"en-GB\",\"@id\":\"https:\\\/\\\/lamaisondupoelon.fr\\\/wp-content\\\/litespeed\\\/avatar\\\/5005290cf9cd0d1dce03b7964cc5832f.jpg?ver=1788334270\",\"url\":\"https:\\\/\\\/lamaisondupoelon.fr\\\/wp-content\\\/litespeed\\\/avatar\\\/5005290cf9cd0d1dce03b7964cc5832f.jpg?ver=1788334270\",\"contentUrl\":\"https:\\\/\\\/lamaisondupoelon.fr\\\/wp-content\\\/litespeed\\\/avatar\\\/5005290cf9cd0d1dce03b7964cc5832f.jpg?ver=1788334270\",\"caption\":\"Maxence\"},\"sameAs\":[\"https:\\\/\\\/lamaisondupoelon.fr\"],\"url\":\"https:\\\/\\\/lamaisondupoelon.fr\\\/en\\\/author\\\/maxence-meynielmey-agence-com\\\/\"}]}<\/script>\n<!-- \/ Yoast SEO plugin. -->","yoast_head_json":{"title":"T\u00e9l\u00e9travail et voyages d\u2019affaires : o\u00f9 trouver un h\u00e9bergement adapt\u00e9 ? - La Maison du Po\u00ealon","robots":{"index":"index","follow":"follow","max-snippet":"max-snippet:-1","max-image-preview":"max-image-preview:large","max-video-preview":"max-video-preview:-1"},"canonical":"https:\/\/lamaisondupoelon.fr\/en\/hebergement-pour-teletravailleur\/","og_locale":"en_GB","og_type":"article","og_title":"T\u00e9l\u00e9travail et voyages d\u2019affaires : o\u00f9 trouver un h\u00e9bergement adapt\u00e9 ? - La Maison du Po\u00ealon","og_description":"T\u00e9l\u00e9travail et voyages d\u2019affaires : o\u00f9 trouver un h\u00e9bergement adapt\u00e9 ? Temps de lecture estim\u00e9 : 5 minutes Points cl\u00e9s [&hellip;]","og_url":"https:\/\/lamaisondupoelon.fr\/en\/hebergement-pour-teletravailleur\/","og_site_name":"La Maison du Po\u00ealon","article_published_time":"2025-10-28T17:03:12+00:00","author":"Maxence","twitter_card":"summary_large_image","twitter_misc":{"Written by":"Maxence","Estimated reading time":"5 minutes"},"schema":{"@context":"https:\/\/schema.org","@graph":[{"@type":"Article","@id":"https:\/\/lamaisondupoelon.fr\/hebergement-pour-teletravailleur\/#article","isPartOf":{"@id":"https:\/\/lamaisondupoelon.fr\/hebergement-pour-teletravailleur\/"},"author":{"name":"Maxence","@id":"https:\/\/lamaisondupoelon.fr\/#\/schema\/person\/dd5b2aaab0df3b5d072bfb624d2b5b11"},"headline":"T\u00e9l\u00e9travail et voyages d\u2019affaires : o\u00f9 trouver un h\u00e9bergement adapt\u00e9 ?","datePublished":"2025-10-28T17:03:12+00:00","mainEntityOfPage":{"@id":"https:\/\/lamaisondupoelon.fr\/hebergement-pour-teletravailleur\/"},"wordCount":1056,"publisher":{"@id":"https:\/\/lamaisondupoelon.fr\/#organization"},"articleSection":["Uncategorized"],"inLanguage":"en-GB"},{"@type":"WebPage","@id":"https:\/\/lamaisondupoelon.fr\/hebergement-pour-teletravailleur\/","url":"https:\/\/lamaisondupoelon.fr\/hebergement-pour-teletravailleur\/","name":"T\u00e9l\u00e9travail et voyages d\u2019affaires : o\u00f9 trouver un h\u00e9bergement adapt\u00e9 ? - La Maison du Po\u00ealon","isPartOf":{"@id":"https:\/\/lamaisondupoelon.fr\/#website"},"datePublished":"2025-10-28T17:03:12+00:00","breadcrumb":{"@id":"https:\/\/lamaisondupoelon.fr\/hebergement-pour-teletravailleur\/#breadcrumb"},"inLanguage":"en-GB","potentialAction":[{"@type":"ReadAction","target":["https:\/\/lamaisondupoelon.fr\/hebergement-pour-teletravailleur\/"]}]},{"@type":"BreadcrumbList","@id":"https:\/\/lamaisondupoelon.fr\/hebergement-pour-teletravailleur\/#breadcrumb","itemListElement":[{"@type":"ListItem","position":1,"name":"Accueil","item":"https:\/\/lamaisondupoelon.fr\/"},{"@type":"ListItem","position":2,"name":"T\u00e9l\u00e9travail et voyages d\u2019affaires : o\u00f9 trouver un h\u00e9bergement adapt\u00e9 ?"}]},{"@type":"WebSite","@id":"https:\/\/lamaisondupoelon.fr\/#website","url":"https:\/\/lamaisondupoelon.fr\/","name":"La Maison du Po\u00ealon","description":"CHAMBRE D\u2019H\u00d4TES","publisher":{"@id":"https:\/\/lamaisondupoelon.fr\/#organization"},"potentialAction":[{"@type":"SearchAction","target":{"@type":"EntryPoint","urlTemplate":"https:\/\/lamaisondupoelon.fr\/?s={search_term_string}"},"query-input":{"@type":"PropertyValueSpecification","valueRequired":true,"valueName":"search_term_string"}}],"inLanguage":"en-GB"},{"@type":"Organization","@id":"https:\/\/lamaisondupoelon.fr\/#organization","name":"La Maison du Po\u00ealon","url":"https:\/\/lamaisondupoelon.fr\/","logo":{"@type":"ImageObject","inLanguage":"en-GB","@id":"https:\/\/lamaisondupoelon.fr\/#\/schema\/logo\/image\/","url":"https:\/\/lamaisondupoelon.fr\/wp-content\/uploads\/2025\/08\/cropped-ChatGPT-Image-1-aout-2025-18_38_42.png","contentUrl":"https:\/\/lamaisondupoelon.fr\/wp-content\/uploads\/2025\/08\/cropped-ChatGPT-Image-1-aout-2025-18_38_42.png","width":1023,"height":1023,"caption":"La Maison du Po\u00ealon"},"image":{"@id":"https:\/\/lamaisondupoelon.fr\/#\/schema\/logo\/image\/"}},{"@type":"Person","@id":"https:\/\/lamaisondupoelon.fr\/#\/schema\/person\/dd5b2aaab0df3b5d072bfb624d2b5b11","name":"Maxence","image":{"@type":"ImageObject","inLanguage":"en-GB","@id":"https:\/\/lamaisondupoelon.fr\/wp-content\/litespeed\/avatar\/5005290cf9cd0d1dce03b7964cc5832f.jpg?ver=1788334270","url":"https:\/\/lamaisondupoelon.fr\/wp-content\/litespeed\/avatar\/5005290cf9cd0d1dce03b7964cc5832f.jpg?ver=1788334270","contentUrl":"https:\/\/lamaisondupoelon.fr\/wp-content\/litespeed\/avatar\/5005290cf9cd0d1dce03b7964cc5832f.jpg?ver=1788334270","caption":"Maxence"},"sameAs":["https:\/\/lamaisondupoelon.fr"],"url":"https:\/\/lamaisondupoelon.fr\/en\/author\/maxence-meynielmey-agence-com\/"}]}},"_links":{"self":[{"href":"https:\/\/lamaisondupoelon.fr\/en\/wp-json\/wp\/v2\/posts\/629","targetHints":{"allow":["GET"]}}],"collection":[{"href":"https:\/\/lamaisondupoelon.fr\/en\/wp-json\/wp\/v2\/posts"}],"about":[{"href":"https:\/\/lamaisondupoelon.fr\/en\/wp-json\/wp\/v2\/types\/post"}],"author":[{"embeddable":true,"href":"https:\/\/lamaisondupoelon.fr\/en\/wp-json\/wp\/v2\/users\/1"}],"replies":[{"embeddable":true,"href":"https:\/\/lamaisondupoelon.fr\/en\/wp-json\/wp\/v2\/comments?post=629"}],"version-history":[{"count":0,"href":"https:\/\/lamaisondupoelon.fr\/en\/wp-json\/wp\/v2\/posts\/629\/revisions"}],"wp:attachment":[{"href":"https:\/\/lamaisondupoelon.fr\/en\/wp-json\/wp\/v2\/media?parent=629"}],"wp:term":[{"taxonomy":"category","embeddable":true,"href":"https:\/\/lamaisondupoelon.fr\/en\/wp-json\/wp\/v2\/categories?post=629"},{"taxonomy":"post_tag","embeddable":true,"href":"https:\/\/lamaisondupoelon.fr\/en\/wp-json\/wp\/v2\/tags?post=629"}],"curies":[{"name":"wp","href":"https:\/\/api.w.org\/{rel}","templated":true}]}}