{"id":662,"date":"2026-02-20T16:04:37","date_gmt":"2026-02-20T16:04:37","guid":{"rendered":"https:\/\/lamaisondupoelon.fr\/hebergement-professionnel-logement-temporaire-meuble\/"},"modified":"2026-02-20T16:04:37","modified_gmt":"2026-02-20T16:04:37","slug":"hebergement-professionnel-logement-temporaire-meuble","status":"publish","type":"post","link":"https:\/\/lamaisondupoelon.fr\/en\/hebergement-professionnel-logement-temporaire-meuble\/","title":{"rendered":"H\u00e9bergement professionnel : D\u00e9couvrez les avantages du logement temporaire meubl\u00e9 pour les travailleurs en d\u00e9placement"},"content":{"rendered":"<p><img decoding=\"async\" src=\"https:\/\/lamaisondupoelon.fr\/wp-content\/uploads\/2026\/02\/cover-4.png\" alt=\"Cover Image\" \/><\/p>\n<h1>H\u00e9bergement professionnel : D\u00e9couvrez les avantages du logement temporaire meubl\u00e9 pour les travailleurs en d\u00e9placement<\/h1>\n<p><\/p>\n<p>Temps de lecture estim\u00e9 : 9 minutes<\/p>\n<h2 id=\"points-cles\">Points cl\u00e9s<\/h2>\n<p><\/p>\n<ul>  <\/p>\n<li>Le logement temporaire meubl\u00e9 se distingue comme la solution id\u00e9ale pour les travailleurs mobiles, combinant confort et fonctionnalit\u00e9.<\/li>\n<p>  <\/p>\n<li>Il favorise l&rsquo;adaptation des travailleurs modernes et des familles lors de transitions gr\u00e2ce \u00e0 une exp\u00e9rience client soign\u00e9e.<\/li>\n<p>  <\/p>\n<li>La Maison du Po\u00ealon se d\u00e9marque par un cadre accueillant, parfait pour maximiser la productivit\u00e9 et le bien-\u00eatre durant les s\u00e9jours professionnels.<\/li>\n<p><\/ul>\n<h2 id=\"table-des-matieres\">Table des mati\u00e8res<\/h2>\n<p><\/p>\n<ul>  <\/p>\n<li><a href=\"#introduction\">Introduction<\/a><\/li>\n<p>  <\/p>\n<li>    <a href=\"#avantages-du-logement-temporaire-meuble-pour-les-professionnels\">Avantages du Logement Temporaire Meubl\u00e9 pour les Professionnels<\/a><br \/> \n<ul>      <\/p>\n<li><a href=\"#flexibilite-et-liberte-votre-espace-vos-regles\">Flexibilit\u00e9 et libert\u00e9 : votre espace, vos r\u00e8gles<\/a><\/li>\n<p>      <\/p>\n<li><a href=\"#confort-comme-a-la-maison-trouvez-votre-havre-de-paix\">Confort comme \u00e0 la maison : trouvez votre havre de paix<\/a><\/li>\n<p>      <\/p>\n<li><a href=\"#ideal-pour-les-groupes-un-espace-convivial-et-fonctionnel\">Id\u00e9al pour les groupes : un espace convivial et fonctionnel<\/a><\/li>\n<p>      <\/p>\n<li><a href=\"#economies-significatives-sur-le-long-terme-une-option-financiere-judicieuse\">\u00c9conomies significatives sur le long terme : une option financi\u00e8re judicieuse<\/a><\/li>\n<p>      <\/p>\n<li><a href=\"#reseautage-facilite-creez-des-connexions-enrichissantes\">R\u00e9seautage facilit\u00e9 : cr\u00e9ez des connexions enrichissantes<\/a><\/li>\n<p>      <\/p>\n<li><a href=\"#un-cadre-inspirant-pour-booster-la-creativite-votre-coin-de-paradis\">Un cadre inspirant pour booster la cr\u00e9ativit\u00e9 : votre coin de paradis<\/a><\/li>\n<p>      <\/p>\n<li><a href=\"#adaptation-aux-familles-en-transition-soutien-et-bienveillance\">Adaptation aux familles en transition : soutien et bienveillance<\/a><\/li>\n<p>      <\/p>\n<li><a href=\"#reduction-de-la-fatigue-decisionnelle-laissez-lhebergement-gerer-vos-soucis\">R\u00e9duction de la fatigue d\u00e9cisionnelle : laissez l\u2019h\u00e9bergement g\u00e9rer vos soucis<\/a><\/li>\n<p>    <\/ul>\n<p>  <\/li>\n<p>  <\/p>\n<li>    <a href=\"#comment-choisir-le-logement-temporaire-ideal\">Comment Choisir le Logement Temporaire Id\u00e9al<\/a><br \/> \n<ul>      <\/p>\n<li><a href=\"#considerations-cles-pour-les-travailleurs-mobiles\">Consid\u00e9rations cl\u00e9s pour les travailleurs mobiles<\/a><\/li>\n<p>      <\/p>\n<li><a href=\"#les-meilleures-options-pour-les-travailleurs-en-deplacement\">Les Meilleures Options pour les Travailleurs en D\u00e9placement<\/a><\/li>\n<p>      <\/p>\n<li><a href=\"#pour-aller-plus-loin\">Pour aller plus loin<\/a><\/li>\n<p>    <\/ul>\n<p>  <\/li>\n<p>  <\/p>\n<li><a href=\"#conclusion\">Conclusion<\/a><\/li>\n<p>  <\/p>\n<li><a href=\"#faq\">FAQ<\/a><\/li>\n<p><\/ul>\n<h2 id=\"introduction\">Introduction<\/h2>\n<p><\/p>\n<p>Imaginez un endroit o\u00f9 chaque <a href=\"https:\/\/fr.wikipedia.org\/wiki\/Voyage_d%27affaires\" target=\"_blank\" rel=\"noopener\">voyage professionnel<\/a> devient un moment revitalisant gr\u00e2ce \u00e0 un h\u00e9bergement sur mesure. Le <strong><a href=\"https:\/\/www.service-public.fr\/particuliers\/vosdroits\/F11639\" target=\"_blank\" rel=\"noopener\">logement temporaire meubl\u00e9<\/a><\/strong> se positionne aujourd&rsquo;hui comme la solution de pr\u00e9dilection pour les travailleurs en d\u00e9placement. Il surpasse les h\u00f4tels traditionnels par son confort et sa praticit\u00e9. Avec La Maison du Po\u00ealon, d\u00e9couvrez comment un cadre authentique et chaleureux peut transformer vos s\u00e9jours en v\u00e9ritables espaces de productivit\u00e9 et de tranquillit\u00e9.<\/p>\n<p><\/p>\n<p>En offrant une flexibilit\u00e9 in\u00e9gal\u00e9e, ces h\u00e9bergements permettent de personnaliser votre s\u00e9jour en fonction de votre rythme de travail. Ils m\u00e9langent libert\u00e9 et confort. Qu&rsquo;il s&rsquo;agisse de profiter de commodit\u00e9s similaires \u00e0 celles de votre domicile, de favoriser des s\u00e9minaires en petits groupes ou de b\u00e9n\u00e9ficier de r\u00e9seaux professionnels enrichissants, le logement temporaire meubl\u00e9 offre de nombreux avantages professionnels. Explorons ensemble cet univers qui red\u00e9finit l&rsquo;h\u00e9bergement pour les professionnels en qu\u00eate d&rsquo;efficacit\u00e9 et de bien-\u00eatre.<\/p>\n<h2 id=\"avantages-du-logement-temporaire-meuble-pour-les-professionnels\">Avantages du Logement Temporaire Meubl\u00e9 pour les Professionnels<\/h2>\n<h3 id=\"flexibilite-et-liberte-votre-espace-vos-regles\">Flexibilit\u00e9 et libert\u00e9 : votre espace, vos r\u00e8gles<\/h3>\n<p><\/p>\n<p>Les <strong>logements temporaires meubl\u00e9s<\/strong> offrent une flexibilit\u00e9 incomparable. Ils conviennent aux professionnels cherchant \u00e0 personnaliser leur environnement de vie et de travail. Que ce soit par le biais de meubles ajustables ou de la possibilit\u00e9 d&rsquo;incorporer des \u00e9l\u00e9ments personnels, ces espaces peuvent \u00eatre transform\u00e9s selon les go\u00fbts individuels. Cette personnalisation est essentielle pour s\u2019adapter aux divers rythmes professionnels.<\/p>\n<p><\/p>\n<p>Cette flexibilit\u00e9 r\u00e9pond aux attentes contemporaines o\u00f9 l&rsquo;environnement doit \u00eatre aussi dynamique que ses occupants. Les logements meubl\u00e9s ne sont pas seulement pratiques. Ils permettent \u00e9galement de maintenir un sentiment de stabilit\u00e9, m\u00eame en cas de d\u00e9placements fr\u00e9quents.<\/p>\n<h3 id=\"confort-comme-a-la-maison-trouvez-votre-havre-de-paix\">Confort comme \u00e0 la maison : trouvez votre havre de paix<\/h3>\n<p><\/p>\n<p>Compar\u00e9s aux h\u00f4tels, les logements temporaires meubl\u00e9s assurent un confort sup\u00e9rieur. Les professionnels b\u00e9n\u00e9ficient d&rsquo;un environnement ressemblant \u00e0 leur \u00ab chez-soi \u00bb, propice \u00e0 la d\u00e9tente apr\u00e8s de longues journ\u00e9es de travail. Des \u00e9quipements modernes comme des cuisines bien \u00e9quip\u00e9es et des salons spacieux manquent souvent dans les h\u00f4tels, mais sont la norme dans ces locations.<\/p>\n<p><\/p>\n<p>Prenez l&rsquo;exemple d&rsquo;une suite avec un <a href=\"https:\/\/www.inrs.fr\/risques\/travail-sur-ecran\/ce-qu-il-faut-retenir.html\" target=\"_blank\" rel=\"noopener\">espace bureau ergonomique<\/a>. Un coin d\u00e9tente \u00e9quip\u00e9 d&rsquo;une t\u00e9l\u00e9vision connect\u00e9e transforme un simple logement en un v\u00e9ritable havre de paix.<\/p>\n<h3 id=\"ideal-pour-les-groupes-un-espace-convivial-et-fonctionnel\">Id\u00e9al pour les groupes : un espace convivial et fonctionnel<\/h3>\n<p><\/p>\n<p>Pour les s\u00e9minaires et retraites professionnelles, opter pour un logement temporaire meubl\u00e9 s&rsquo;av\u00e8re judicieux. <strong>La Maison du Po\u00ealon<\/strong>, par exemple, assure une exp\u00e9rience de groupe optimis\u00e9e o\u00f9 collaboration et productivit\u00e9 cohabitent harmonieusement. Cet \u00e9tablissement propose un cadre intimiste id\u00e9al pour des r\u00e9unions en petits groupes \u2014 parfait pour des discussions approfondies et des ateliers interactifs.<\/p>\n<p><\/p>\n<p>Avec des h\u00e9bergements distingu\u00e9s et des repas 100% bio faits maison, cet espace est con\u00e7u pour inspirer et accueillir des \u00e9v\u00e9nements de travail immersifs.<\/p>\n<h3 id=\"economies-significatives-sur-le-long-terme-une-option-financiere-judicieuse\">\u00c9conomies significatives sur le long terme : une option financi\u00e8re judicieuse<\/h3>\n<p><\/p>\n<p>Sur le plan financier, les logements temporaires meubl\u00e9s surpassent souvent les h\u00f4tels traditionnels. Les co\u00fbts sont r\u00e9duits gr\u00e2ce \u00e0 une tarification journali\u00e8re avantageuse. Les \u00e9conomies sont aussi r\u00e9alis\u00e9es sur la restauration et d&rsquo;autres services. Le logement temporaire meubl\u00e9 s&rsquo;impose comme une alternative \u00e9conomique pour les s\u00e9jours prolong\u00e9s ou les d\u00e9placements fr\u00e9quents.<\/p>\n<p><\/p>\n<p>En offrant une solution plus abordable pour h\u00e9berger des \u00e9quipes, ces logements permettent de r\u00e9investir dans des besoins essentiels comme la formation ou le d\u00e9veloppement de comp\u00e9tences. Il ne faut pas oublier les \u00e9conomies r\u00e9alis\u00e9es sur les repas en cuisinant sur place.<\/p>\n<h3 id=\"reseautage-facilite-creez-des-connexions-enrichissantes\">R\u00e9seautage facilit\u00e9 : cr\u00e9ez des connexions enrichissantes<\/h3>\n<p><\/p>\n<p>Un autre atout majeur est le potentiel de <a href=\"https:\/\/fr.wikipedia.org\/wiki\/R%C3%A9seautage\" target=\"_blank\" rel=\"noopener\">r\u00e9seautage<\/a> qu\u2019offrent ces espaces de vie partag\u00e9s. Les interactions sociales au sein des espaces communs favorisent la cr\u00e9ation de relations professionnelles solides. Ces interactions renforcent les liens entre coll\u00e8gues et partenaires.<\/p>\n<p><\/p>\n<p><strong>La Maison du Po\u00ealon<\/strong> propose des espaces communs confortables, encourageant les \u00e9changes informels, essentiels \u00e0 une collaboration enrichissante. Partager un environnement avec des professionnels ayant des objectifs similaires peut stimuler non seulement l&rsquo;innovation, mais aussi des amiti\u00e9s professionnelles durables.<\/p>\n<h3 id=\"un-cadre-inspirant-pour-booster-la-creativite-votre-coin-de-paradis\">Un cadre inspirant pour booster la cr\u00e9ativit\u00e9 : votre coin de paradis<\/h3>\n<p><\/p>\n<p>Les environnements inspirants ont un impact significatif sur la productivit\u00e9 et la cr\u00e9ativit\u00e9. Install\u00e9e dans un cadre serein et historique, <strong>La Maison du Po\u00ealon<\/strong> est id\u00e9alement con\u00e7ue pour stimuler le travail cr\u00e9atif. Les briques rouges et un cadre naturel apaisant forment un ensemble unique qui inspire et encourage la concentration.<\/p>\n<p><\/p>\n<p>Offrant ce type d&rsquo;environnement, les professionnels \u00e9chappent \u00e0 la monotonie des bureaux typiques, favorisant l&rsquo;\u00e9mergence de nouvelles id\u00e9es et solutions cr\u00e9atives.<\/p>\n<h3 id=\"adaptation-aux-familles-en-transition-soutien-et-bienveillance\">Adaptation aux familles en transition : soutien et bienveillance<\/h3>\n<p><\/p>\n<p>La stabilit\u00e9 qu&rsquo;offre un logement temporaire meubl\u00e9 est cruciale pour les familles en transition. Ces espaces garantissent un environnement familier, permettant aux familles de s&rsquo;installer facilement sans stress li\u00e9s \u00e0 l&rsquo;ameublement et \u00e0 la logistique. Un logement adapt\u00e9 aide les enfants \u00e0 maintenir une routine stable, ce qui r\u00e9duit les perturbations associ\u00e9es \u00e0 un changement de r\u00e9sidence.<\/p>\n<h3 id=\"reduction-de-la-fatigue-decisionnelle-laissez-lhebergement-gerer-vos-soucis\">R\u00e9duction de la fatigue d\u00e9cisionnelle : laissez l\u2019h\u00e9bergement g\u00e9rer vos soucis<\/h3>\n<p><\/p>\n<p>La simplification logistique offerte par un logement temporaire meubl\u00e9 ne doit pas \u00eatre sous-estim\u00e9e. En optant pour ce type d&rsquo;h\u00e9bergement, les professionnels se lib\u00e8rent des tracas quotidiens pour se concentrer sur leurs priorit\u00e9s. Int\u00e9grant naturellement les \u00e9l\u00e9ments n\u00e9cessaires, ces logements simplifient la vie quotidienne et offrent une tranquillit\u00e9 d&rsquo;esprit.<\/p>\n<p><\/p>\n<p>Cette approche r\u00e9duit consid\u00e9rablement la <a href=\"https:\/\/fr.wikipedia.org\/wiki\/Fatigue_d%C3%A9cisionnelle\" target=\"_blank\" rel=\"noopener\">fatigue d\u00e9cisionnelle<\/a>, am\u00e9liorant ainsi la sant\u00e9 mentale et l&rsquo;efficacit\u00e9 professionnelle.<\/p>\n<h2 id=\"comment-choisir-le-logement-temporaire-ideal\">Comment Choisir le Logement Temporaire Id\u00e9al<\/h2>\n<h3 id=\"considerations-cles-pour-les-travailleurs-mobiles\">Consid\u00e9rations cl\u00e9s pour les travailleurs mobiles<\/h3>\n<p><\/p>\n<p>Les choix de logement doivent \u00eatre align\u00e9s sur les besoins sp\u00e9cifiques des d\u00e9placements professionnels. Prenez en compte la dur\u00e9e du s\u00e9jour, le budget et l&rsquo;\u00e9quilibre entre intimit\u00e9 et connexion sociale. Comparer les options de logement sur le march\u00e9 vous aidera \u00e0 d\u00e9terminer quelle solution offre le meilleur rapport qualit\u00e9-prix.<\/p>\n<h3 id=\"les-meilleures-options-pour-les-travailleurs-en-deplacement\">Les Meilleures Options pour les Travailleurs en D\u00e9placement<\/h3>\n<p><\/p>\n<p><strong>La Maison du Po\u00ealon<\/strong> propose des solutions avantageuses pour les professionnels en d\u00e9placement. Son cadre paisible allie confort et efficacit\u00e9, cr\u00e9ant une option attrayante pour ceux qui cherchent une alternative aux h\u00f4tels traditionnels. En outre, des recommandations sp\u00e9cifiques sur l&rsquo;organisation du s\u00e9jour maximisent le confort et l&rsquo;efficacit\u00e9. La personnalisation des espaces de travail et la planification des besoins culinaires en font partie.<\/p>\n<p><\/p>\n<p>Le cadre unique de cet \u00e9tablissement, avec ses touches conviviales et traditionnelles, permet aux visiteurs de se ressourcer pleinement, lib\u00e9rant des ressources mentales pour la productivit\u00e9.<\/p>\n<h3 id=\"pour-aller-plus-loin\">Pour aller plus loin<\/h3>\n<p><\/p>\n<p>Pour ceux int\u00e9ress\u00e9s par les meilleures pratiques d&rsquo;h\u00e9bergement pour les entreprises, d\u00e9couvrez notre article sur <a href=\"https:\/\/mindstepai.com\/hebergement-pour-professionnels-nomades\/\" target=\"_blank\" rel=\"noopener\">H\u00e9bergement pour professionnels nomades<\/a>, offrant un panorama complet des options adapt\u00e9es aux professionnels en mission.<\/p>\n<h2 id=\"conclusion\">Conclusion<\/h2>\n<p><\/p>\n<p>Le <strong><a href=\"https:\/\/www.legifrance.gouv.fr\/loda\/id\/JORFTEXT000030964323\/\" target=\"_blank\" rel=\"noopener\">logement temporaire meubl\u00e9<\/a><\/strong> se r\u00e9v\u00e8le \u00eatre la solution par excellence pour les professionnels modernes. Il procure flexibilit\u00e9, confort et \u00e9conomies. Il satisfait les besoins \u00e0 la fois individuels et d&rsquo;entreprise, tout en stimulant la cr\u00e9ativit\u00e9 et le r\u00e9seautage dans un cadre propice \u00e0 la d\u00e9tente.<\/p>\n<p><\/p>\n<ul>  <\/p>\n<li>Offrez un espace personnel loin de l&rsquo;aseptisation des h\u00f4tels.<\/li>\n<p>  <\/p>\n<li>R\u00e9alisez des \u00e9conomies significatives par rapport aux solutions d&rsquo;h\u00e9bergement traditionnelles.<\/li>\n<p>  <\/p>\n<li>Favorisez le r\u00e9seautage et la collaboration gr\u00e2ce \u00e0 des espaces conviviaux.<\/li>\n<p><\/ul>\n<p><\/p>\n<p><strong>La Maison du Po\u00ealon<\/strong>, avec ses valeurs d&rsquo;authenticit\u00e9 et de confort, incarne cette approche en offrant un cadre intime et \u00e9l\u00e9gant pour les s\u00e9jours professionnels. Con\u00e7u pour maximiser la productivit\u00e9 et le bien-\u00eatre, cet \u00e9tablissement se positionne comme l&rsquo;option incontournable pour les s\u00e9minaires et retraites professionnelles. En combinant repas faits maison et h\u00e9bergement de qualit\u00e9, La Maison du Po\u00ealon enrichit l&rsquo;exp\u00e9rience des professionnels en qu\u00eate d&rsquo;un lieu de travail \u00e0 la fois agr\u00e9able et efficace. Pour optimiser vos prochains s\u00e9jours professionnels, plongez dans notre univers o\u00f9 authenticit\u00e9 et modernit\u00e9 convergent harmonieusement.<\/p>\n<h2 id=\"faq\">FAQ<\/h2>\n<p><\/p>\n<h3>Qu\u2019est-ce qu\u2019un logement temporaire meubl\u00e9 ?<\/h3>\n<p><\/p>\n<p>Il s\u2019agit d\u2019un h\u00e9bergement pr\u00eat \u00e0 vivre, \u00e9quip\u00e9 du mobilier et des commodit\u00e9s essentielles, id\u00e9al pour des s\u00e9jours courts ou prolong\u00e9s li\u00e9s \u00e0 une mission professionnelle, une transition de vie ou un d\u00e9placement temporaire.<\/p>\n<p><\/p>\n<h3>En quoi est-ce plus avantageux qu\u2019un h\u00f4tel pour un s\u00e9jour professionnel prolong\u00e9 ?<\/h3>\n<p><\/p>\n<p>Vous b\u00e9n\u00e9ficiez d\u2019un espace de vie complet (cuisine, salon, espace de travail), d\u2019une plus grande intimit\u00e9 et, sur la dur\u00e9e, de co\u00fbts souvent inf\u00e9rieurs gr\u00e2ce \u00e0 la tarification et \u00e0 la possibilit\u00e9 de cuisiner sur place.<\/p>\n<p><\/p>\n<h3>Est-ce adapt\u00e9 aux s\u00e9minaires et aux petits groupes de travail ?<\/h3>\n<p><\/p>\n<p>Oui, ce type d\u2019h\u00e9bergement favorise la collaboration dans un cadre convivial, permet d\u2019organiser des ateliers et de renforcer la <a href=\"https:\/\/fr.wikipedia.org\/wiki\/Coh%C3%A9sion_de_groupe\" target=\"_blank\" rel=\"noopener\">coh\u00e9sion d\u2019\u00e9quipe<\/a> tout en offrant des espaces communs confortables.<\/p>\n<p><\/p>\n<h3>Quels crit\u00e8res consid\u00e9rer pour bien choisir ?<\/h3>\n<p><\/p>\n<p>La dur\u00e9e du s\u00e9jour, le budget, l\u2019accessibilit\u00e9, la qualit\u00e9 des \u00e9quipements (dont l\u2019espace de travail), l\u2019\u00e9quilibre entre intimit\u00e9 et \u00e9changes, ainsi que les services disponibles sur place (cuisine, connexion internet, espaces communs).<\/p>\n<p><\/p>\n<h3>Les familles en transition peuvent-elles en b\u00e9n\u00e9ficier ?<\/h3>\n<p><\/p>\n<p>Absolument. La pr\u00e9sence d\u2019un mobilier complet et d\u2019\u00e9quipements pratiques facilite l\u2019installation et aide \u00e0 maintenir une routine stable pendant la p\u00e9riode de transition.<\/p>","protected":false},"excerpt":{"rendered":"<p>H\u00e9bergement professionnel : D\u00e9couvrez les avantages du logement temporaire meubl\u00e9 pour les travailleurs en d\u00e9placement Temps de lecture estim\u00e9 : [&hellip;]<\/p>\n","protected":false},"author":1,"featured_media":0,"comment_status":"closed","ping_status":"open","sticky":false,"template":"","format":"standard","meta":{"content-type":"","site-sidebar-layout":"default","site-content-layout":"","ast-site-content-layout":"default","site-content-style":"default","site-sidebar-style":"default","ast-global-header-display":"","ast-banner-title-visibility":"","ast-main-header-display":"","ast-hfb-above-header-display":"","ast-hfb-below-header-display":"","ast-hfb-mobile-header-display":"","site-post-title":"","ast-breadcrumbs-content":"","ast-featured-img":"","footer-sml-layout":"","ast-disable-related-posts":"","theme-transparent-header-meta":"","adv-header-id-meta":"","stick-header-meta":"","header-above-stick-meta":"","header-main-stick-meta":"","header-below-stick-meta":"","astra-migrate-meta-layouts":"default","ast-page-background-enabled":"default","ast-page-background-meta":{"desktop":{"background-color":"var(--ast-global-color-5)","background-image":"","background-repeat":"repeat","background-position":"center center","background-size":"auto","background-attachment":"scroll","background-type":"","background-media":"","overlay-type":"","overlay-color":"","overlay-opacity":"","overlay-gradient":""},"tablet":{"background-color":"","background-image":"","background-repeat":"repeat","background-position":"center center","background-size":"auto","background-attachment":"scroll","background-type":"","background-media":"","overlay-type":"","overlay-color":"","overlay-opacity":"","overlay-gradient":""},"mobile":{"background-color":"","background-image":"","background-repeat":"repeat","background-position":"center center","background-size":"auto","background-attachment":"scroll","background-type":"","background-media":"","overlay-type":"","overlay-color":"","overlay-opacity":"","overlay-gradient":""}},"ast-content-background-meta":{"desktop":{"background-color":"var(--ast-global-color-4)","background-image":"","background-repeat":"repeat","background-position":"center center","background-size":"auto","background-attachment":"scroll","background-type":"","background-media":"","overlay-type":"","overlay-color":"","overlay-opacity":"","overlay-gradient":""},"tablet":{"background-color":"var(--ast-global-color-4)","background-image":"","background-repeat":"repeat","background-position":"center center","background-size":"auto","background-attachment":"scroll","background-type":"","background-media":"","overlay-type":"","overlay-color":"","overlay-opacity":"","overlay-gradient":""},"mobile":{"background-color":"var(--ast-global-color-4)","background-image":"","background-repeat":"repeat","background-position":"center center","background-size":"auto","background-attachment":"scroll","background-type":"","background-media":"","overlay-type":"","overlay-color":"","overlay-opacity":"","overlay-gradient":""}},"footnotes":""},"categories":[1],"tags":[],"class_list":["post-662","post","type-post","status-publish","format-standard","hentry","category-uncategorized"],"yoast_head":"<!-- This site is optimized with the Yoast SEO plugin v28.1 - https:\/\/yoast.com\/product\/yoast-seo-wordpress\/ -->\n<title>H\u00e9bergement professionnel : D\u00e9couvrez les avantages du logement temporaire meubl\u00e9 pour les travailleurs en d\u00e9placement - La Maison du Po\u00ealon<\/title>\n<meta name=\"robots\" content=\"index, follow, max-snippet:-1, max-image-preview:large, max-video-preview:-1\" \/>\n<link rel=\"canonical\" href=\"https:\/\/lamaisondupoelon.fr\/en\/hebergement-professionnel-logement-temporaire-meuble\/\" \/>\n<meta property=\"og:locale\" content=\"en_GB\" \/>\n<meta property=\"og:type\" content=\"article\" \/>\n<meta property=\"og:title\" content=\"H\u00e9bergement professionnel : D\u00e9couvrez les avantages du logement temporaire meubl\u00e9 pour les travailleurs en d\u00e9placement - La Maison du Po\u00ealon\" \/>\n<meta property=\"og:description\" content=\"H\u00e9bergement professionnel : D\u00e9couvrez les avantages du logement temporaire meubl\u00e9 pour les travailleurs en d\u00e9placement Temps de lecture estim\u00e9 : [&hellip;]\" \/>\n<meta property=\"og:url\" content=\"https:\/\/lamaisondupoelon.fr\/en\/hebergement-professionnel-logement-temporaire-meuble\/\" \/>\n<meta property=\"og:site_name\" content=\"La Maison du Po\u00ealon\" \/>\n<meta property=\"article:published_time\" content=\"2026-02-20T16:04:37+00:00\" \/>\n<meta property=\"og:image\" content=\"https:\/\/lamaisondupoelon.fr\/wp-content\/uploads\/2026\/02\/cover-4.png\" \/>\n<meta name=\"author\" content=\"Maxence\" \/>\n<meta name=\"twitter:card\" content=\"summary_large_image\" \/>\n<meta name=\"twitter:label1\" content=\"Written by\" \/>\n\t<meta name=\"twitter:data1\" content=\"Maxence\" \/>\n\t<meta name=\"twitter:label2\" content=\"Estimated reading time\" \/>\n\t<meta name=\"twitter:data2\" content=\"9 minutes\" \/>\n<script type=\"application\/ld+json\" class=\"yoast-schema-graph\">{\"@context\":\"https:\\\/\\\/schema.org\",\"@graph\":[{\"@type\":\"Article\",\"@id\":\"https:\\\/\\\/lamaisondupoelon.fr\\\/hebergement-professionnel-logement-temporaire-meuble\\\/#article\",\"isPartOf\":{\"@id\":\"https:\\\/\\\/lamaisondupoelon.fr\\\/hebergement-professionnel-logement-temporaire-meuble\\\/\"},\"author\":{\"name\":\"Maxence\",\"@id\":\"https:\\\/\\\/lamaisondupoelon.fr\\\/#\\\/schema\\\/person\\\/dd5b2aaab0df3b5d072bfb624d2b5b11\"},\"headline\":\"H\u00e9bergement professionnel : D\u00e9couvrez les avantages du logement temporaire meubl\u00e9 pour les travailleurs en d\u00e9placement\",\"datePublished\":\"2026-02-20T16:04:37+00:00\",\"mainEntityOfPage\":{\"@id\":\"https:\\\/\\\/lamaisondupoelon.fr\\\/hebergement-professionnel-logement-temporaire-meuble\\\/\"},\"wordCount\":1844,\"publisher\":{\"@id\":\"https:\\\/\\\/lamaisondupoelon.fr\\\/#organization\"},\"image\":{\"@id\":\"https:\\\/\\\/lamaisondupoelon.fr\\\/hebergement-professionnel-logement-temporaire-meuble\\\/#primaryimage\"},\"thumbnailUrl\":\"https:\\\/\\\/lamaisondupoelon.fr\\\/wp-content\\\/uploads\\\/2026\\\/02\\\/cover-4.png\",\"articleSection\":[\"Uncategorized\"],\"inLanguage\":\"en-GB\"},{\"@type\":\"WebPage\",\"@id\":\"https:\\\/\\\/lamaisondupoelon.fr\\\/hebergement-professionnel-logement-temporaire-meuble\\\/\",\"url\":\"https:\\\/\\\/lamaisondupoelon.fr\\\/hebergement-professionnel-logement-temporaire-meuble\\\/\",\"name\":\"H\u00e9bergement professionnel : D\u00e9couvrez les avantages du logement temporaire meubl\u00e9 pour les travailleurs en d\u00e9placement - La Maison du Po\u00ealon\",\"isPartOf\":{\"@id\":\"https:\\\/\\\/lamaisondupoelon.fr\\\/#website\"},\"primaryImageOfPage\":{\"@id\":\"https:\\\/\\\/lamaisondupoelon.fr\\\/hebergement-professionnel-logement-temporaire-meuble\\\/#primaryimage\"},\"image\":{\"@id\":\"https:\\\/\\\/lamaisondupoelon.fr\\\/hebergement-professionnel-logement-temporaire-meuble\\\/#primaryimage\"},\"thumbnailUrl\":\"https:\\\/\\\/lamaisondupoelon.fr\\\/wp-content\\\/uploads\\\/2026\\\/02\\\/cover-4.png\",\"datePublished\":\"2026-02-20T16:04:37+00:00\",\"breadcrumb\":{\"@id\":\"https:\\\/\\\/lamaisondupoelon.fr\\\/hebergement-professionnel-logement-temporaire-meuble\\\/#breadcrumb\"},\"inLanguage\":\"en-GB\",\"potentialAction\":[{\"@type\":\"ReadAction\",\"target\":[\"https:\\\/\\\/lamaisondupoelon.fr\\\/hebergement-professionnel-logement-temporaire-meuble\\\/\"]}]},{\"@type\":\"ImageObject\",\"inLanguage\":\"en-GB\",\"@id\":\"https:\\\/\\\/lamaisondupoelon.fr\\\/hebergement-professionnel-logement-temporaire-meuble\\\/#primaryimage\",\"url\":\"https:\\\/\\\/lamaisondupoelon.fr\\\/wp-content\\\/uploads\\\/2026\\\/02\\\/cover-4.png\",\"contentUrl\":\"https:\\\/\\\/lamaisondupoelon.fr\\\/wp-content\\\/uploads\\\/2026\\\/02\\\/cover-4.png\"},{\"@type\":\"BreadcrumbList\",\"@id\":\"https:\\\/\\\/lamaisondupoelon.fr\\\/hebergement-professionnel-logement-temporaire-meuble\\\/#breadcrumb\",\"itemListElement\":[{\"@type\":\"ListItem\",\"position\":1,\"name\":\"Accueil\",\"item\":\"https:\\\/\\\/lamaisondupoelon.fr\\\/\"},{\"@type\":\"ListItem\",\"position\":2,\"name\":\"H\u00e9bergement professionnel : D\u00e9couvrez les avantages du logement temporaire meubl\u00e9 pour les travailleurs en d\u00e9placement\"}]},{\"@type\":\"WebSite\",\"@id\":\"https:\\\/\\\/lamaisondupoelon.fr\\\/#website\",\"url\":\"https:\\\/\\\/lamaisondupoelon.fr\\\/\",\"name\":\"La Maison du Po\u00ealon\",\"description\":\"CHAMBRE D\u2019H\u00d4TES\",\"publisher\":{\"@id\":\"https:\\\/\\\/lamaisondupoelon.fr\\\/#organization\"},\"potentialAction\":[{\"@type\":\"SearchAction\",\"target\":{\"@type\":\"EntryPoint\",\"urlTemplate\":\"https:\\\/\\\/lamaisondupoelon.fr\\\/?s={search_term_string}\"},\"query-input\":{\"@type\":\"PropertyValueSpecification\",\"valueRequired\":true,\"valueName\":\"search_term_string\"}}],\"inLanguage\":\"en-GB\"},{\"@type\":\"Organization\",\"@id\":\"https:\\\/\\\/lamaisondupoelon.fr\\\/#organization\",\"name\":\"La Maison du Po\u00ealon\",\"url\":\"https:\\\/\\\/lamaisondupoelon.fr\\\/\",\"logo\":{\"@type\":\"ImageObject\",\"inLanguage\":\"en-GB\",\"@id\":\"https:\\\/\\\/lamaisondupoelon.fr\\\/#\\\/schema\\\/logo\\\/image\\\/\",\"url\":\"https:\\\/\\\/lamaisondupoelon.fr\\\/wp-content\\\/uploads\\\/2025\\\/08\\\/cropped-ChatGPT-Image-1-aout-2025-18_38_42.png\",\"contentUrl\":\"https:\\\/\\\/lamaisondupoelon.fr\\\/wp-content\\\/uploads\\\/2025\\\/08\\\/cropped-ChatGPT-Image-1-aout-2025-18_38_42.png\",\"width\":1023,\"height\":1023,\"caption\":\"La Maison du Po\u00ealon\"},\"image\":{\"@id\":\"https:\\\/\\\/lamaisondupoelon.fr\\\/#\\\/schema\\\/logo\\\/image\\\/\"}},{\"@type\":\"Person\",\"@id\":\"https:\\\/\\\/lamaisondupoelon.fr\\\/#\\\/schema\\\/person\\\/dd5b2aaab0df3b5d072bfb624d2b5b11\",\"name\":\"Maxence\",\"image\":{\"@type\":\"ImageObject\",\"inLanguage\":\"en-GB\",\"@id\":\"https:\\\/\\\/lamaisondupoelon.fr\\\/wp-content\\\/litespeed\\\/avatar\\\/5005290cf9cd0d1dce03b7964cc5832f.jpg?ver=1788334270\",\"url\":\"https:\\\/\\\/lamaisondupoelon.fr\\\/wp-content\\\/litespeed\\\/avatar\\\/5005290cf9cd0d1dce03b7964cc5832f.jpg?ver=1788334270\",\"contentUrl\":\"https:\\\/\\\/lamaisondupoelon.fr\\\/wp-content\\\/litespeed\\\/avatar\\\/5005290cf9cd0d1dce03b7964cc5832f.jpg?ver=1788334270\",\"caption\":\"Maxence\"},\"sameAs\":[\"https:\\\/\\\/lamaisondupoelon.fr\"],\"url\":\"https:\\\/\\\/lamaisondupoelon.fr\\\/en\\\/author\\\/maxence-meynielmey-agence-com\\\/\"}]}<\/script>\n<!-- \/ Yoast SEO plugin. -->","yoast_head_json":{"title":"H\u00e9bergement professionnel : D\u00e9couvrez les avantages du logement temporaire meubl\u00e9 pour les travailleurs en d\u00e9placement - La Maison du Po\u00ealon","robots":{"index":"index","follow":"follow","max-snippet":"max-snippet:-1","max-image-preview":"max-image-preview:large","max-video-preview":"max-video-preview:-1"},"canonical":"https:\/\/lamaisondupoelon.fr\/en\/hebergement-professionnel-logement-temporaire-meuble\/","og_locale":"en_GB","og_type":"article","og_title":"H\u00e9bergement professionnel : D\u00e9couvrez les avantages du logement temporaire meubl\u00e9 pour les travailleurs en d\u00e9placement - La Maison du Po\u00ealon","og_description":"H\u00e9bergement professionnel : D\u00e9couvrez les avantages du logement temporaire meubl\u00e9 pour les travailleurs en d\u00e9placement Temps de lecture estim\u00e9 : [&hellip;]","og_url":"https:\/\/lamaisondupoelon.fr\/en\/hebergement-professionnel-logement-temporaire-meuble\/","og_site_name":"La Maison du Po\u00ealon","article_published_time":"2026-02-20T16:04:37+00:00","og_image":[{"url":"https:\/\/lamaisondupoelon.fr\/wp-content\/uploads\/2026\/02\/cover-4.png","type":"","width":"","height":""}],"author":"Maxence","twitter_card":"summary_large_image","twitter_misc":{"Written by":"Maxence","Estimated reading time":"9 minutes"},"schema":{"@context":"https:\/\/schema.org","@graph":[{"@type":"Article","@id":"https:\/\/lamaisondupoelon.fr\/hebergement-professionnel-logement-temporaire-meuble\/#article","isPartOf":{"@id":"https:\/\/lamaisondupoelon.fr\/hebergement-professionnel-logement-temporaire-meuble\/"},"author":{"name":"Maxence","@id":"https:\/\/lamaisondupoelon.fr\/#\/schema\/person\/dd5b2aaab0df3b5d072bfb624d2b5b11"},"headline":"H\u00e9bergement professionnel : D\u00e9couvrez les avantages du logement temporaire meubl\u00e9 pour les travailleurs en d\u00e9placement","datePublished":"2026-02-20T16:04:37+00:00","mainEntityOfPage":{"@id":"https:\/\/lamaisondupoelon.fr\/hebergement-professionnel-logement-temporaire-meuble\/"},"wordCount":1844,"publisher":{"@id":"https:\/\/lamaisondupoelon.fr\/#organization"},"image":{"@id":"https:\/\/lamaisondupoelon.fr\/hebergement-professionnel-logement-temporaire-meuble\/#primaryimage"},"thumbnailUrl":"https:\/\/lamaisondupoelon.fr\/wp-content\/uploads\/2026\/02\/cover-4.png","articleSection":["Uncategorized"],"inLanguage":"en-GB"},{"@type":"WebPage","@id":"https:\/\/lamaisondupoelon.fr\/hebergement-professionnel-logement-temporaire-meuble\/","url":"https:\/\/lamaisondupoelon.fr\/hebergement-professionnel-logement-temporaire-meuble\/","name":"H\u00e9bergement professionnel : D\u00e9couvrez les avantages du logement temporaire meubl\u00e9 pour les travailleurs en d\u00e9placement - La Maison du Po\u00ealon","isPartOf":{"@id":"https:\/\/lamaisondupoelon.fr\/#website"},"primaryImageOfPage":{"@id":"https:\/\/lamaisondupoelon.fr\/hebergement-professionnel-logement-temporaire-meuble\/#primaryimage"},"image":{"@id":"https:\/\/lamaisondupoelon.fr\/hebergement-professionnel-logement-temporaire-meuble\/#primaryimage"},"thumbnailUrl":"https:\/\/lamaisondupoelon.fr\/wp-content\/uploads\/2026\/02\/cover-4.png","datePublished":"2026-02-20T16:04:37+00:00","breadcrumb":{"@id":"https:\/\/lamaisondupoelon.fr\/hebergement-professionnel-logement-temporaire-meuble\/#breadcrumb"},"inLanguage":"en-GB","potentialAction":[{"@type":"ReadAction","target":["https:\/\/lamaisondupoelon.fr\/hebergement-professionnel-logement-temporaire-meuble\/"]}]},{"@type":"ImageObject","inLanguage":"en-GB","@id":"https:\/\/lamaisondupoelon.fr\/hebergement-professionnel-logement-temporaire-meuble\/#primaryimage","url":"https:\/\/lamaisondupoelon.fr\/wp-content\/uploads\/2026\/02\/cover-4.png","contentUrl":"https:\/\/lamaisondupoelon.fr\/wp-content\/uploads\/2026\/02\/cover-4.png"},{"@type":"BreadcrumbList","@id":"https:\/\/lamaisondupoelon.fr\/hebergement-professionnel-logement-temporaire-meuble\/#breadcrumb","itemListElement":[{"@type":"ListItem","position":1,"name":"Accueil","item":"https:\/\/lamaisondupoelon.fr\/"},{"@type":"ListItem","position":2,"name":"H\u00e9bergement professionnel : D\u00e9couvrez les avantages du logement temporaire meubl\u00e9 pour les travailleurs en d\u00e9placement"}]},{"@type":"WebSite","@id":"https:\/\/lamaisondupoelon.fr\/#website","url":"https:\/\/lamaisondupoelon.fr\/","name":"La Maison du Po\u00ealon","description":"CHAMBRE D\u2019H\u00d4TES","publisher":{"@id":"https:\/\/lamaisondupoelon.fr\/#organization"},"potentialAction":[{"@type":"SearchAction","target":{"@type":"EntryPoint","urlTemplate":"https:\/\/lamaisondupoelon.fr\/?s={search_term_string}"},"query-input":{"@type":"PropertyValueSpecification","valueRequired":true,"valueName":"search_term_string"}}],"inLanguage":"en-GB"},{"@type":"Organization","@id":"https:\/\/lamaisondupoelon.fr\/#organization","name":"La Maison du Po\u00ealon","url":"https:\/\/lamaisondupoelon.fr\/","logo":{"@type":"ImageObject","inLanguage":"en-GB","@id":"https:\/\/lamaisondupoelon.fr\/#\/schema\/logo\/image\/","url":"https:\/\/lamaisondupoelon.fr\/wp-content\/uploads\/2025\/08\/cropped-ChatGPT-Image-1-aout-2025-18_38_42.png","contentUrl":"https:\/\/lamaisondupoelon.fr\/wp-content\/uploads\/2025\/08\/cropped-ChatGPT-Image-1-aout-2025-18_38_42.png","width":1023,"height":1023,"caption":"La Maison du Po\u00ealon"},"image":{"@id":"https:\/\/lamaisondupoelon.fr\/#\/schema\/logo\/image\/"}},{"@type":"Person","@id":"https:\/\/lamaisondupoelon.fr\/#\/schema\/person\/dd5b2aaab0df3b5d072bfb624d2b5b11","name":"Maxence","image":{"@type":"ImageObject","inLanguage":"en-GB","@id":"https:\/\/lamaisondupoelon.fr\/wp-content\/litespeed\/avatar\/5005290cf9cd0d1dce03b7964cc5832f.jpg?ver=1788334270","url":"https:\/\/lamaisondupoelon.fr\/wp-content\/litespeed\/avatar\/5005290cf9cd0d1dce03b7964cc5832f.jpg?ver=1788334270","contentUrl":"https:\/\/lamaisondupoelon.fr\/wp-content\/litespeed\/avatar\/5005290cf9cd0d1dce03b7964cc5832f.jpg?ver=1788334270","caption":"Maxence"},"sameAs":["https:\/\/lamaisondupoelon.fr"],"url":"https:\/\/lamaisondupoelon.fr\/en\/author\/maxence-meynielmey-agence-com\/"}]}},"_links":{"self":[{"href":"https:\/\/lamaisondupoelon.fr\/en\/wp-json\/wp\/v2\/posts\/662","targetHints":{"allow":["GET"]}}],"collection":[{"href":"https:\/\/lamaisondupoelon.fr\/en\/wp-json\/wp\/v2\/posts"}],"about":[{"href":"https:\/\/lamaisondupoelon.fr\/en\/wp-json\/wp\/v2\/types\/post"}],"author":[{"embeddable":true,"href":"https:\/\/lamaisondupoelon.fr\/en\/wp-json\/wp\/v2\/users\/1"}],"replies":[{"embeddable":true,"href":"https:\/\/lamaisondupoelon.fr\/en\/wp-json\/wp\/v2\/comments?post=662"}],"version-history":[{"count":0,"href":"https:\/\/lamaisondupoelon.fr\/en\/wp-json\/wp\/v2\/posts\/662\/revisions"}],"wp:attachment":[{"href":"https:\/\/lamaisondupoelon.fr\/en\/wp-json\/wp\/v2\/media?parent=662"}],"wp:term":[{"taxonomy":"category","embeddable":true,"href":"https:\/\/lamaisondupoelon.fr\/en\/wp-json\/wp\/v2\/categories?post=662"},{"taxonomy":"post_tag","embeddable":true,"href":"https:\/\/lamaisondupoelon.fr\/en\/wp-json\/wp\/v2\/tags?post=662"}],"curies":[{"name":"wp","href":"https:\/\/api.w.org\/{rel}","templated":true}]}}